{"id":15698,"date":"2022-12-30T19:17:29","date_gmt":"2022-12-30T19:17:29","guid":{"rendered":"https:\/\/labestiapolitica.com.mx\/?p=15698"},"modified":"2023-01-03T19:22:51","modified_gmt":"2023-01-03T19:22:51","slug":"pide-proteccion-civil-de-tepetitla-cuidado-con-pirotecnia-en-fin-de-ano","status":"publish","type":"post","link":"https:\/\/labestiapolitica.com.mx\/?p=15698","title":{"rendered":"Pide Protecci\u00f3n Civil de Tepetitla  cuidado con pirotecnia en fin de a\u00f1o\u00a0"},"content":{"rendered":"<header class=\"entry-header penci-entry-header penci-title-\"><\/header>\n<div class=\"entry-media penci-entry-media\">\n<div class=\"post-format-meta \">\n<div class=\"post-image penci-standard-format\" style=\"text-align: justify;\">El director de Protecci\u00f3n Civil de Tepetitla, Roberto Ju\u00e1rez Meneses, exhorta a la poblaci\u00f3n en general a evitar el uso de la pirotecnia durante las celebraciones con motivo de las fiestas en estos d\u00edas; ya que es la primera causa de accidentes como quemaduras en menores, adem\u00e1s de provocar incendios como fue el caso de la colonia Emiliano Zapata.<\/div>\n<\/div>\n<\/div>\n<div class=\"penci-entry-content entry-content\">\n<p style=\"text-align: justify;\">El d\u00eda de ayer personal de la direcci\u00f3n recibieron el llamado para sofocar un incendio que se registr\u00f3 en un predio privado; la cual tambi\u00e9n alcanz\u00f3 las llamas al corral\u00f3n municipal.<\/p>\n<p style=\"text-align: justify;\">Provocando el incendi\u00f3 de m\u00e1s de cinco unidades que se encontraban en el lugar, as\u00ed mismo dio a conocer los n\u00fameros de emergencia; 248 133 60 29, 222 660 98 98 y 248 104 9532<\/p>\n<p style=\"text-align: justify;\">\u00abNo es un juego, evita ser sancionado por las autoridades competentes por la quema no controlada y provocada por pirotecnia\u00bb, indic\u00f3.<\/p>\n<\/div>\n","protected":false},"excerpt":{"rendered":"<p>El director de Protecci\u00f3n Civil de Tepetitla, Roberto Ju\u00e1rez Meneses, exhorta a la poblaci\u00f3n en general a evitar el uso de la pirotecnia durante las celebraciones con motivo de las fiestas en estos d\u00edas; ya que es la primera causa de accidentes como quemaduras en menores, adem\u00e1s de provocar incendios como fue el caso de [&hellip;]<\/p>\n","protected":false},"author":3,"featured_media":0,"comment_status":"open","ping_status":"open","sticky":false,"template":"","format":"standard","meta":{"footnotes":""},"categories":[12],"tags":[],"class_list":["post-15698","post","type-post","status-publish","format-standard","hentry","category-brujula-2026"],"amp_enabled":true,"_links":{"self":[{"href":"https:\/\/labestiapolitica.com.mx\/index.php?rest_route=\/wp\/v2\/posts\/15698","targetHints":{"allow":["GET"]}}],"collection":[{"href":"https:\/\/labestiapolitica.com.mx\/index.php?rest_route=\/wp\/v2\/posts"}],"about":[{"href":"https:\/\/labestiapolitica.com.mx\/index.php?rest_route=\/wp\/v2\/types\/post"}],"author":[{"embeddable":true,"href":"https:\/\/labestiapolitica.com.mx\/index.php?rest_route=\/wp\/v2\/users\/3"}],"replies":[{"embeddable":true,"href":"https:\/\/labestiapolitica.com.mx\/index.php?rest_route=%2Fwp%2Fv2%2Fcomments&post=15698"}],"version-history":[{"count":1,"href":"https:\/\/labestiapolitica.com.mx\/index.php?rest_route=\/wp\/v2\/posts\/15698\/revisions"}],"predecessor-version":[{"id":15700,"href":"https:\/\/labestiapolitica.com.mx\/index.php?rest_route=\/wp\/v2\/posts\/15698\/revisions\/15700"}],"wp:attachment":[{"href":"https:\/\/labestiapolitica.com.mx\/index.php?rest_route=%2Fwp%2Fv2%2Fmedia&parent=15698"}],"wp:term":[{"taxonomy":"category","embeddable":true,"href":"https:\/\/labestiapolitica.com.mx\/index.php?rest_route=%2Fwp%2Fv2%2Fcategories&post=15698"},{"taxonomy":"post_tag","embeddable":true,"href":"https:\/\/labestiapolitica.com.mx\/index.php?rest_route=%2Fwp%2Fv2%2Ftags&post=15698"}],"curies":[{"name":"wp","href":"https:\/\/api.w.org\/{rel}","templated":true}]}}