{"id":16029,"date":"2023-01-25T04:00:18","date_gmt":"2023-01-25T04:00:18","guid":{"rendered":"https:\/\/labestiapolitica.com.mx\/?p=16029"},"modified":"2023-01-26T02:05:56","modified_gmt":"2023-01-26T02:05:56","slug":"trabajaran-gobiernos-de-tlaxcala-y-puebla-agenda-comun","status":"publish","type":"post","link":"https:\/\/labestiapolitica.com.mx\/?p=16029","title":{"rendered":"Trabajar\u00e1n gobiernos de #Tlaxcala y #Puebla agenda com\u00fan"},"content":{"rendered":"<p style=\"text-align: justify;\">*De manera coordinada y conjunta tratar\u00e1n los temas de seguridad, turismo, medio ambiente, movilidad, ordenamiento territorial, salud y migraci\u00f3n<\/p>\n<p style=\"text-align: justify;\">La gobernadora Lorena Cu\u00e9llar Cisneros sostuvo una reuni\u00f3n con su hom\u00f3logo del estado de Puebla, Sergio Salom\u00f3n C\u00e9spedes Peregrina, en la que acordaron trabajar de manera coordinada en una agenda com\u00fan que beneficie a los habitantes de ambas entidades.<\/p>\n<p style=\"text-align: justify;\">Durante el encuentro realizado en Casa Aguayo, la mandataria tlaxcalteca le entreg\u00f3 una carpeta con la propuesta interestatal con los temas que habr\u00e1n de tratar ambos gobiernos, entre los que destacan: seguridad, turismo, medio ambiente, movilidad, ordenamiento territorial, salud y migraci\u00f3n.<\/p>\n<p style=\"text-align: justify;\">\u201cMe siento muy halagada por esta oportunidad de platicar con el mandatario poblano, acordamos que nuestros secretarios trabajar\u00e1n en equipos, posteriormente haremos el seguimiento a esos acuerdos y objetivos que de manera conjunta iremos viendo, son temas en com\u00fan y muy importantes que impactan a ambas entidades y que sin duda es para bien de los ciudadanos de Tlaxcala y Puebla\u201d, subray\u00f3.<\/p>\n<p>En su intervenci\u00f3n, C\u00e9spedes Peregrina coincidi\u00f3 con la gobernadora Cu\u00e9llar Cisneros en la importancia de sumar esfuerzos para generar acciones y estrategias transversales.<\/p>\n<p style=\"text-align: justify;\">En ese sentido, se comprometi\u00f3 a revisar la propuesta de la mandataria y, al mismo tiempo, instruy\u00f3 a sus colaboradores para que a partir de este momento generen la agenda para tratar los temas presentados.<\/p>\n<p style=\"text-align: justify;\">\u201cEs un honor tener a la gobernadora Lorena, es una gran gobernadora, de las mejores del pa\u00eds, sin duda hay mucho que hacer conjuntamente y esta reuni\u00f3n nos permitir\u00e1 tener una agenda com\u00fan en temas con los que nos sentimos relacionados, (&#8230;) estamos hermanados y juntos vamos a hacer que la Cuarta Transformaci\u00f3n, tanto en Tlaxcala como en Puebla, sea una realidad\u201d, sostuvo.<\/p>\n<p style=\"text-align: justify;\">En esta reuni\u00f3n estuvieron presentes por parte de la administraci\u00f3n de Tlaxcala, el secretario de Gobierno, Sergio Gonz\u00e1lez Hern\u00e1ndez y las coordinadoras de Planeaci\u00f3n e Inversi\u00f3n, Gimena Lara P\u00e9rez; y de Comunicaci\u00f3n, Ang\u00e9lica Dom\u00ednguez Hern\u00e1ndez.<\/p>\n<p style=\"text-align: justify;\">Por el estado de Puebla, el secretario de Gobernaci\u00f3n, Julio Huerta G\u00f3mez; la secretaria de Planeaci\u00f3n y Finanzas, Mar\u00eda Teresa Castro Corro; el jefe de Oficina del Gobierno Estatal, Javier Aquino Lim\u00f3n; y la coordinadora general de Comunicaci\u00f3n y Agenda Digital, Ver\u00f3nica V\u00e9lez Macuil.<\/p>\n","protected":false},"excerpt":{"rendered":"<p>*De manera coordinada y conjunta tratar\u00e1n los temas de seguridad, turismo, medio ambiente, movilidad, ordenamiento territorial, salud y migraci\u00f3n La gobernadora Lorena Cu\u00e9llar Cisneros sostuvo una reuni\u00f3n con su hom\u00f3logo del estado de Puebla, Sergio Salom\u00f3n C\u00e9spedes Peregrina, en la que acordaron trabajar de manera coordinada en una agenda com\u00fan que beneficie a los habitantes [&hellip;]<\/p>\n","protected":false},"author":3,"featured_media":0,"comment_status":"open","ping_status":"open","sticky":false,"template":"","format":"standard","meta":{"footnotes":""},"categories":[7],"tags":[],"class_list":["post-16029","post","type-post","status-publish","format-standard","hentry","category-ciudadanos"],"amp_enabled":true,"_links":{"self":[{"href":"https:\/\/labestiapolitica.com.mx\/index.php?rest_route=\/wp\/v2\/posts\/16029","targetHints":{"allow":["GET"]}}],"collection":[{"href":"https:\/\/labestiapolitica.com.mx\/index.php?rest_route=\/wp\/v2\/posts"}],"about":[{"href":"https:\/\/labestiapolitica.com.mx\/index.php?rest_route=\/wp\/v2\/types\/post"}],"author":[{"embeddable":true,"href":"https:\/\/labestiapolitica.com.mx\/index.php?rest_route=\/wp\/v2\/users\/3"}],"replies":[{"embeddable":true,"href":"https:\/\/labestiapolitica.com.mx\/index.php?rest_route=%2Fwp%2Fv2%2Fcomments&post=16029"}],"version-history":[{"count":2,"href":"https:\/\/labestiapolitica.com.mx\/index.php?rest_route=\/wp\/v2\/posts\/16029\/revisions"}],"predecessor-version":[{"id":16040,"href":"https:\/\/labestiapolitica.com.mx\/index.php?rest_route=\/wp\/v2\/posts\/16029\/revisions\/16040"}],"wp:attachment":[{"href":"https:\/\/labestiapolitica.com.mx\/index.php?rest_route=%2Fwp%2Fv2%2Fmedia&parent=16029"}],"wp:term":[{"taxonomy":"category","embeddable":true,"href":"https:\/\/labestiapolitica.com.mx\/index.php?rest_route=%2Fwp%2Fv2%2Fcategories&post=16029"},{"taxonomy":"post_tag","embeddable":true,"href":"https:\/\/labestiapolitica.com.mx\/index.php?rest_route=%2Fwp%2Fv2%2Ftags&post=16029"}],"curies":[{"name":"wp","href":"https:\/\/api.w.org\/{rel}","templated":true}]}}