{"id":16116,"date":"2023-01-31T00:53:36","date_gmt":"2023-01-31T00:53:36","guid":{"rendered":"https:\/\/labestiapolitica.com.mx\/?p=16116"},"modified":"2023-02-01T02:14:08","modified_gmt":"2023-02-01T02:14:08","slug":"comparencias-ante-el-congreso-ejemplo-nacional-de-apertura-carlos-augusto","status":"publish","type":"post","link":"https:\/\/labestiapolitica.com.mx\/?p=16116","title":{"rendered":"\u00abComparencias ante el Congreso de #Tlaxcala, ejemplo nacional de apertura\u00bb: Carlos Augusto"},"content":{"rendered":"<p style=\"text-align: justify;\">El Presidente Estatal de Morena Tlaxcala, Carlos Augusto P\u00e9rez Hern\u00e1ndez, celebr\u00f3 el inicio del ciclo de comparecencias en el Congreso del Estado, ya que adem\u00e1s de ser un hecho sin precedentes en la entidad, es un ejemplo de apertura a nivel nacional por parte del Gobierno Estatal emanado de Morena.<\/p>\n<p style=\"text-align: justify;\">Lo anterior debido a que, este lunes, Ernestina Carro Rold\u00e1n Procuradora General de Justicia en la entidad, fue la primera figura en presentarse y someterse ante el escrutinio de las y los legisladores, pero sobre todo, de la sociedad Tlaxcalteca en este ejercicio democr\u00e1tico que tiene el prop\u00f3sito de reforzar el entendimiento y trabajo en conjunto entre el Legislativo y el Ejecutivo.<\/p>\n<p style=\"text-align: justify;\">El l\u00edder de Morena en el estado, calific\u00f3 de acertada la participaci\u00f3n de la Procuradora en esta primera comparecencia, equilibrando los embates que realizaron algunas figuras de los partidos opuestos a la 4ta transformaci\u00f3n.<\/p>\n<p style=\"text-align: justify;\">\u00a8Los conservadores siempre buscan tela de donde cortar, se esfuerzan en buscarle tres pies al gato, pero si de algo estamos seguros, es que, en Tlaxcala se est\u00e1 construyendo una nueva historia que es solida, busca la justicia y sobre todo, trabaja en favor de los m\u00e1s vulnerables\u00a8 finaliz\u00f3 P\u00e9rez Hern\u00e1ndez.<\/p>\n","protected":false},"excerpt":{"rendered":"<p>El Presidente Estatal de Morena Tlaxcala, Carlos Augusto P\u00e9rez Hern\u00e1ndez, celebr\u00f3 el inicio del ciclo de comparecencias en el Congreso del Estado, ya que adem\u00e1s de ser un hecho sin precedentes en la entidad, es un ejemplo de apertura a nivel nacional por parte del Gobierno Estatal emanado de Morena. Lo anterior debido a que, [&hellip;]<\/p>\n","protected":false},"author":3,"featured_media":16117,"comment_status":"open","ping_status":"open","sticky":false,"template":"","format":"standard","meta":{"footnotes":""},"categories":[7],"tags":[],"class_list":["post-16116","post","type-post","status-publish","format-standard","has-post-thumbnail","hentry","category-ciudadanos"],"amp_enabled":true,"_links":{"self":[{"href":"https:\/\/labestiapolitica.com.mx\/index.php?rest_route=\/wp\/v2\/posts\/16116","targetHints":{"allow":["GET"]}}],"collection":[{"href":"https:\/\/labestiapolitica.com.mx\/index.php?rest_route=\/wp\/v2\/posts"}],"about":[{"href":"https:\/\/labestiapolitica.com.mx\/index.php?rest_route=\/wp\/v2\/types\/post"}],"author":[{"embeddable":true,"href":"https:\/\/labestiapolitica.com.mx\/index.php?rest_route=\/wp\/v2\/users\/3"}],"replies":[{"embeddable":true,"href":"https:\/\/labestiapolitica.com.mx\/index.php?rest_route=%2Fwp%2Fv2%2Fcomments&post=16116"}],"version-history":[{"count":2,"href":"https:\/\/labestiapolitica.com.mx\/index.php?rest_route=\/wp\/v2\/posts\/16116\/revisions"}],"predecessor-version":[{"id":16119,"href":"https:\/\/labestiapolitica.com.mx\/index.php?rest_route=\/wp\/v2\/posts\/16116\/revisions\/16119"}],"wp:featuredmedia":[{"embeddable":true,"href":"https:\/\/labestiapolitica.com.mx\/index.php?rest_route=\/wp\/v2\/media\/16117"}],"wp:attachment":[{"href":"https:\/\/labestiapolitica.com.mx\/index.php?rest_route=%2Fwp%2Fv2%2Fmedia&parent=16116"}],"wp:term":[{"taxonomy":"category","embeddable":true,"href":"https:\/\/labestiapolitica.com.mx\/index.php?rest_route=%2Fwp%2Fv2%2Fcategories&post=16116"},{"taxonomy":"post_tag","embeddable":true,"href":"https:\/\/labestiapolitica.com.mx\/index.php?rest_route=%2Fwp%2Fv2%2Ftags&post=16116"}],"curies":[{"name":"wp","href":"https:\/\/api.w.org\/{rel}","templated":true}]}}