{"id":16185,"date":"2023-01-31T06:15:52","date_gmt":"2023-01-31T06:15:52","guid":{"rendered":"https:\/\/labestiapolitica.com.mx\/?p=16185"},"modified":"2023-02-02T02:55:22","modified_gmt":"2023-02-02T02:55:22","slug":"agenda-tlaxcala-con-acciones-de-alto-impacto-social-con-gobernadora-lorena-cuellar","status":"publish","type":"post","link":"https:\/\/labestiapolitica.com.mx\/?p=16185","title":{"rendered":"Agenda Tlaxcala con acciones de alto impacto social con gobernadora Lorena Cu\u00e9llar"},"content":{"rendered":"<p style=\"text-align: justify;\">PRESENTAN SEDIF Y SNDIF LOS RESULTADOS DE LA CONSULTA \u00bfME ESCUCHAS? 2022<\/p>\n<p style=\"text-align: justify;\">*Participaron 5 mil 957 ni\u00f1as, ni\u00f1os y adolescentes tlaxcaltecas en este ejercicio de libertad de expresi\u00f3n<\/p>\n<p style=\"text-align: justify;\">Los Sistemas Nacional y Estatal para el Desarrollo Integral de la Familia presentaron en Tlaxcala los resultados de la Consulta Infantil \u201c\u00bfMe escuchas? 2022\u201d, para la generaci\u00f3n de pol\u00edticas p\u00fablicas que garanticen el respeto a los derechos de ni\u00f1as, ni\u00f1os y adolescentes, as\u00ed como en la elaboraci\u00f3n de una agenda sobre las infancias.<\/p>\n<p style=\"text-align: justify;\">El evento se llev\u00f3 a cabo en el patio vitral del Congreso del estado, en el que participaron las ni\u00f1as y ni\u00f1os Impulsores de la transformaci\u00f3n de Tlaxcala, Samanta y Axel Portillo, Joshua Pescador, Adriana Zacapa, Amelie Cort\u00e9s y M\u00f3nica Mara\u00f1\u00f3n, quienes expresaron sus inquietudes respecto a diferentes temas como el cuidado del medioambiente, la seguridad, el trato igualitario a personas con discapacidad y las condiciones de las escuelas, entre otros temas.<\/p>\n<p style=\"text-align: justify;\">La gobernadora Lorena Cu\u00e9llar Cisneros celebr\u00f3 la realizaci\u00f3n de la encuesta nacional, ya que promueve la voz de las ni\u00f1as, ni\u00f1os y adolescentes para conocer sus deseos, necesidades y forma de pensar sobre su pa\u00eds y su estado.<\/p>\n<p style=\"text-align: justify;\">Al respecto, la mandataria subray\u00f3 que \u201ctodas las autoridades debemos escuchar a los ni\u00f1os para lograr su bienestar, hoy los que estamos al frente de los diferentes poderes, sabemos que las ni\u00f1as, ni\u00f1os y adolescentes son nuestros mejores asesores, porque son los que nos dicen qu\u00e9 debemos hacer los adultos, para mi gobierno es necesario escuchar sus necesidades y demandas\u201d.<\/p>\n<p style=\"text-align: justify;\">En tanto, la presidenta honor\u00edfica del Sistema Estatal DIF, Mariana Espinosa de los Monteros Cu\u00e9llar destac\u00f3 la presencia de las y los titulares de los poderes Ejecutivo, Legislativo y Judicial, para atender el prop\u00f3sito de impulsar pol\u00edticas p\u00fablicas y garantizar el respeto a los derechos de las ni\u00f1as, ni\u00f1os y adolescentes.<\/p>\n<p style=\"text-align: justify;\">En este sentido, refiri\u00f3 que este ejercicio de opini\u00f3n estableci\u00f3 un mecanismo sin precedente para que las voces de las y los ni\u00f1os sean tomadas en cuenta en las formas de gobernar y legislar con acciones cada vez m\u00e1s cercanas a este sector poblacional.<\/p>\n<p style=\"text-align: justify;\">\u201cAbramos nuestras mentes y corazones para escuchar y atender las necesidades e inquietudes que expresan nuestras ni\u00f1as, ni\u00f1os y adolescentes, para as\u00ed regresar a nuestras labores con ideas nuevas y frescas para legislar, para impartir justicia y gobernar con la pureza y nobleza de un ni\u00f1o\u201d, agreg\u00f3.<\/p>\n<p style=\"text-align: justify;\">La titular de la Comisi\u00f3n de Derechos Humanos de la Ciudad de M\u00e9xico (Cdhcdmx), Nashieli Ram\u00edrez Hern\u00e1ndez present\u00f3 algunos de los resultados de la consulta \u00bfMe escuchas? 2022, que corresponden a Tlaxcala, entre los que destac\u00f3 que la entidad se ubic\u00f3 en el lugar 16 de participaci\u00f3n a nivel nacional con un total de 5 mil 957 ni\u00f1as, ni\u00f1os y adolescentes, de los cuales el grupo de 12 a 14 a\u00f1os fue el que registr\u00f3 una mayor colaboraci\u00f3n con el 47.44 por ciento, mientras que los de 6 a 11 a\u00f1os fueron el 31.51 por ciento; ellas y ellos dijeron que lo que les hace m\u00e1s felices es convivir con sus familias (44.52 por ciento), seguido de jugar (38.3 por ciento) y hacer actividades recreativas o deportivas (20.47 por ciento).<\/p>\n<p style=\"text-align: justify;\">Posteriormente, la titular del Sistema Nacional DIF, Nuria Fern\u00e1ndez Espresate anunci\u00f3 que, adem\u00e1s de generar pol\u00edticas p\u00fablicas con los resultados de la consulta nacional, tambi\u00e9n se construir\u00e1 una agenda sobre las infancias y sus derechos para que en el mes de abril sea presentada ante la Organizaci\u00f3n de las Naciones Unidas (ONU).<\/p>\n<p style=\"text-align: justify;\"><img loading=\"lazy\" decoding=\"async\" class=\"alignnone wp-image-16188 size-full\" src=\"https:\/\/labestiapolitica.com.mx\/wp-content\/uploads\/2023\/02\/lore-.jpg\" alt=\"\" width=\"1000\" height=\"600\" srcset=\"https:\/\/labestiapolitica.com.mx\/wp-content\/uploads\/2023\/02\/lore-.jpg 1000w, https:\/\/labestiapolitica.com.mx\/wp-content\/uploads\/2023\/02\/lore--300x180.jpg 300w, https:\/\/labestiapolitica.com.mx\/wp-content\/uploads\/2023\/02\/lore--768x461.jpg 768w\" sizes=\"auto, (max-width: 1000px) 100vw, 1000px\" \/><\/p>\n<p>&nbsp;<\/p>\n<p style=\"text-align: justify;\">A M\u00c1S DE UN A\u00d1O, EL SISTEMA ESTATAL DIF TRANSFORMA LA VIDA DE LAS FAMILIAS TLAXCALTECAS<\/p>\n<p style=\"text-align: justify;\">*La presidenta honor\u00edfica del Sedif, Mariana Espinosa de los Monteros present\u00f3 su primer informe de actividades, tal como lo realizan sus hom\u00f3logas en el pa\u00eds<\/p>\n<p style=\"text-align: justify;\">A un a\u00f1o cuatro meses de gobierno, el Sistema Estatal para el Desarrollo Integral de la Familia (Sedif) ha trabajado para transformar la vida de las personas que m\u00e1s lo necesitan y de los grupos de atenci\u00f3n prioritaria, lo ha hecho en equipo y con esp\u00edritu de servicio, destac\u00f3 la presidenta honor\u00edfica del organismo p\u00fablico descentralizado, Mariana Espinosa de los Monteros Cu\u00e9llar, durante el primer informe de actividades de la dependencia.<\/p>\n<p>El evento se realiz\u00f3 en el Centro Cultural Universitario (CCU), donde se cont\u00f3 con la presencia de la gobernadora de Tlaxcala, Lorena Cu\u00e9llar Cisneros; de la titular del Sistema Nacional DIF, Nuria Fern\u00e1ndez Espresate; de las y los titulares de las dependencias estatales y federales, integrantes del Congreso del estado, del Poder Judicial, de los 60 municipios, representantes de organismos aut\u00f3nomos, as\u00ed como de beneficiarios.<\/p>\n<p style=\"text-align: justify;\">Acompa\u00f1ada de su familia y de todos los colaboradores del Sedif, la presidenta honor\u00edfica, Mariana Espinosa de los Monteros, mencion\u00f3 que en congruencia con el Plan Estatal de Desarrollo 2021-2027, el Sistema Estatal DIF ha recorrido los 60 municipios de estado, con el objetivo de identificar las necesidades de la poblaci\u00f3n para dise\u00f1ar nuevos programas para la atenci\u00f3n de los grupos de atenci\u00f3n prioritaria; por lo que actualmente cuentan con 46 programas activos, los cuales han impactado en beneficio de m\u00e1s de 376 mil ni\u00f1as, ni\u00f1os, adolescentes, mujeres, adultos mayores, personas con discapacidad y n\u00facleos familiares, lo que equivale a casi un 30 por ciento de la poblaci\u00f3n total de Tlaxcala.<\/p>\n<p style=\"text-align: justify;\">\u00c9stas acciones se ejecutan a trav\u00e9s de seis ejes que son: Salud; Alimentaci\u00f3n y Nutrici\u00f3n; Protecci\u00f3n a la Ni\u00f1ez; Atenci\u00f3n a Poblaci\u00f3n Vulnerable; Atenci\u00f3n a Personas con Discapacidad; y Acciones contra la Violencia Familiar.<\/p>\n<p style=\"text-align: justify;\">En ese sentido, dio a conocer un breve resumen de las actividades que realiz\u00f3 el Sistema Estatal DIF durante este periodo de trabajo, resaltando la consolidaci\u00f3n de las 60 Procuradur\u00edas Municipales de Protecci\u00f3n de Ni\u00f1as, Ni\u00f1os y Adolescentes, que fueron creadas con el objetivo de proteger, garantizar y restituir los derechos de la ni\u00f1ez tlaxcalteca.<\/p>\n<p style=\"text-align: justify;\">Subray\u00f3 que esta acci\u00f3n signific\u00f3 un reconocimiento a nivel nacional por ser la \u00fanica entidad en el pa\u00eds que cuenta con Procuradur\u00edas en todo el territorio estatal.<\/p>\n<p style=\"text-align: justify;\">Adem\u00e1s, mencion\u00f3 que en este primer periodo de gesti\u00f3n, el Sedif entreg\u00f3 alrededor de 18 millones 907 mil 86 raciones de desayunos nutricionales fr\u00edos y calientes, con los cuales se cuida la salud, el aprovechamiento escolar y la alegr\u00eda de m\u00e1s de 95 mil 900 alumnas y alumnos.<\/p>\n<p style=\"text-align: justify;\">Tambi\u00e9n, refiri\u00f3 que a trav\u00e9s del programa Unidad de Atenci\u00f3n Visual, a la fecha se han beneficiado a 20 mil ni\u00f1as y ni\u00f1os con lentes graduados a estudiantes de nivel primaria que lo necesitaron y agreg\u00f3 que este programa ser\u00e1 permanente.<\/p>\n<p style=\"text-align: justify;\">Inform\u00f3 que el Sistema Estatal DIF estableci\u00f3 el programa Unidad Integral de Atenci\u00f3n Gerontol\u00f3gica (UIAG) con el que \u00abhemos logrado resultados muy satisfactorios. Visitamos en casa a los adultos mayores que se encuentran en situaci\u00f3n de cama, y que no pueden acudir por sus propios medios a las instituciones\u00bb.<\/p>\n<p style=\"text-align: justify;\">\u00abPara este programa se ha conformado un grupo multidisciplinario integrado por geront\u00f3logos, fisioterapeutas, m\u00e9dicos, enfermeras, pod\u00f3logos, abogados, psic\u00f3logos y trabajadores sociales; estos profesionales brindan servicios integrales, personales y domiciliados\u00bb.<\/p>\n<p style=\"text-align: justify;\">Asimismo, coment\u00f3 que con la colaboraci\u00f3n de 41 dependencias del gobierno del estado y federal, el Sedif lleva a cabo el Programa Carrusel de Informaci\u00f3n y Servicios, que ha llegado hasta este momento a 18 municipios, beneficiando a m\u00e1s de 8 mil tlaxcaltecas.<\/p>\n<p style=\"text-align: justify;\">Mariana Espinosa de los Monteros asegur\u00f3 que este es el gobierno de las oportunidades, de la igualdad y en el que las mujeres pueden construir una nueva historia, como muestra de ello refiri\u00f3 el programa Apoyo Econ\u00f3mico a Mujeres Jefas de Familia, con el que se han atendido a 600 mujeres que tienen el reto de ser el sustento econ\u00f3mico de sus hogares.<\/p>\n<p style=\"text-align: justify;\">En esta primera etapa se han realizado 175 sesiones de equinoterapia a 35 ni\u00f1as y ni\u00f1os, con ellas se complementa su rehabilitaci\u00f3n y permite dar una atenci\u00f3n integral.<\/p>\n<p style=\"text-align: justify;\">Comparti\u00f3 que Tlaxcala es referente nacional en materia de adopci\u00f3n y acogimiento familiar. A la fecha se han realizado m\u00e1s de 30 procedimientos en materia de acogimiento familiar y post-adoptivos.<\/p>\n<p style=\"text-align: justify;\">Despu\u00e9s de escuchar el informe, la gobernadora Lorena Cu\u00e9llar Cisneros declar\u00f3 que el trabajo del Sedif conmueve pues \u00abcada acci\u00f3n, cada acto de amor, de empat\u00eda, de justicia y sobre todo para transformar la vida de quienes menos tienen\u00bb.<\/p>\n<p style=\"text-align: justify;\">Agradeci\u00f3 al presidente de la Rep\u00fablica, Andr\u00e9s Manuel L\u00f3pez Obrador, por trabajar tambi\u00e9n para acabar con la desigualdad y la pobreza en el pa\u00eds, y cambiar la historia de la poblaci\u00f3n.<\/p>\n<p style=\"text-align: justify;\">La titular del Sistema Nacional DIF, Nuria Fern\u00e1ndez anunci\u00f3 que en pr\u00f3ximas fechas Tlaxcala ser\u00e1 sede del encuentro nacional de titulares de los Sistemas Municipales DIF, con el objetivo de rescatar la presencia de estos organismos en las comunas.<\/p>\n<p><img loading=\"lazy\" decoding=\"async\" class=\"alignnone wp-image-16189 size-full\" src=\"https:\/\/labestiapolitica.com.mx\/wp-content\/uploads\/2023\/02\/marioana-.jpg\" alt=\"\" width=\"1000\" height=\"600\" srcset=\"https:\/\/labestiapolitica.com.mx\/wp-content\/uploads\/2023\/02\/marioana-.jpg 1000w, https:\/\/labestiapolitica.com.mx\/wp-content\/uploads\/2023\/02\/marioana--300x180.jpg 300w, https:\/\/labestiapolitica.com.mx\/wp-content\/uploads\/2023\/02\/marioana--768x461.jpg 768w\" sizes=\"auto, (max-width: 1000px) 100vw, 1000px\" \/><\/p>\n<p style=\"text-align: justify;\">DESTINA GOBIERNO DE M\u00c9XICO 59.8 MDP PARA SEGUNDA ETAPA DE LA UNIVERSIDAD INTERCULTURAL EN IXTENCO<\/p>\n<p style=\"text-align: justify;\">*La obra registra avance del 97 por ciento y se han aplicado m\u00e1s de 21 mdp en la primera etapa; en agosto iniciar\u00e1 clases presenciales<\/p>\n<p style=\"text-align: justify;\">La administraci\u00f3n estatal que encabeza Lorena Cu\u00e9llar Cisneros recibir\u00e1 del Gobierno de M\u00e9xico, a trav\u00e9s de la Secretar\u00eda de Educaci\u00f3n P\u00fablica (SEP) federal, un recurso econ\u00f3mico de 59 millones 893 mil 208 pesos correspondientes al Fondo de Aportaciones M\u00faltiples (FAM), en sus componentes de Infraestructura Educativa B\u00e1sica, Media Superior y Superior, para la segunda etapa de construcci\u00f3n de la Universidad Intercultural de Tlaxcala, ubicada en el municipio de Ixtenco.<\/p>\n<p style=\"text-align: justify;\">Los proyectos estrat\u00e9gicos ya fueron publicados en el Diario Oficial de la Federaci\u00f3n (DOF), derivado de la gesti\u00f3n y confianza que tiene la SEP en el gobierno estatal, mediante el cual se dio a conocer a las entidades federativas la distribuci\u00f3n y calendarizaci\u00f3n para la ministraci\u00f3n durante el ejercicio fiscal de 2023, y en la que Tlaxcala se ver\u00e1 favorecida.<\/p>\n<p style=\"text-align: justify;\">Cabe destacar que este martes, la titular del Ejecutivo local supervis\u00f3 los trabajos de construcci\u00f3n de la Universidad Intercultural, donde realiz\u00f3 un recorrido por las instalaciones que registran un avance del 97 por ciento, con una inversi\u00f3n de m\u00e1s de 21 millones de pesos en la primera etapa; adem\u00e1s de que se contempla que inicie funciones en el ciclo escolar 2023\u20132024.<\/p>\n<p style=\"text-align: justify;\">Acompa\u00f1ada del titular de la Secretar\u00eda de Educaci\u00f3n P\u00fablica del Estado y director general de la Unidad de Servicios Educativos del Estado de Tlaxcala (SEPE\u2013USET), Homero Meneses Hern\u00e1ndez, la mandataria estatal resalt\u00f3 que desde el inicio de su administraci\u00f3n se han consolidado cinco universidades m\u00e1s en el estado para beneficio de las y los estudiantes tlaxcaltecas.<\/p>\n<p style=\"text-align: justify;\">Se\u00f1al\u00f3 que estas acciones forman parte de la nueva historia que se construye en la entidad, ya que \u201clo importante para este gobierno es servir y dejar huella, construir m\u00e1s aulas, m\u00e1s escuelas, ese es el camino que quiere nuestro presidente Andr\u00e9s Manuel L\u00f3pez Obrador\u201d.<\/p>\n<p style=\"text-align: justify;\">A su vez, Meneses Hern\u00e1ndez resalt\u00f3 que desde que se coloc\u00f3 la primera piedra el 21 de septiembre de 2022, la universidad est\u00e1 al 97 por ciento de avance, con la posibilidad de inaugurar el inmueble antes de concluir febrero y comenzar clases presenciales con al menos 100 estudiantes el pr\u00f3ximo mes de agosto.<\/p>\n<p style=\"text-align: justify;\">Subray\u00f3 que los planes y programas de estudio se encuentran en dise\u00f1o y se realizan con la participaci\u00f3n del comit\u00e9 promotor ampliado, del cual el pasado mes de diciembre se eligieron a seis de sus representantes y el pr\u00f3ximo 9 de febrero se elegir\u00e1 la terna para la Coordinaci\u00f3n General.<\/p>\n<p style=\"text-align: justify;\">Mientras, el director general del Instituto Tlaxcalteca de Infraestructura F\u00edsica Educativa (Itife), Miguel Piedras D\u00edaz inform\u00f3 que para esta primera etapa fueron invertidos m\u00e1s de 21 millones de pesos en tres aulas, sal\u00f3n de usos m\u00faltiples, canchas, cisternas de captaci\u00f3n pluvial y de agua potable, adem\u00e1s de canchas, mismas que se lograron edificar con una ampliaci\u00f3n que no estaba contemplada en esta etapa, sino hasta la siguiente.<\/p>\n<p style=\"text-align: justify;\">A este evento acudieron el presidente municipal de Ixtenco, Renato S\u00e1nchez Rojas; los directores de Planeaci\u00f3n Educativa y de Educaci\u00f3n Media Superior y Superior de la SEPE\u2013USET, Omar Cuatianquiz \u00c1vila y Sandra Corona Padilla, respectivamente.<\/p>\n<p style=\"text-align: justify;\"><img loading=\"lazy\" decoding=\"async\" class=\"alignnone wp-image-16186 size-full\" src=\"https:\/\/labestiapolitica.com.mx\/wp-content\/uploads\/2023\/02\/gober-.jpg\" alt=\"\" width=\"1000\" height=\"600\" srcset=\"https:\/\/labestiapolitica.com.mx\/wp-content\/uploads\/2023\/02\/gober-.jpg 1000w, https:\/\/labestiapolitica.com.mx\/wp-content\/uploads\/2023\/02\/gober--300x180.jpg 300w, https:\/\/labestiapolitica.com.mx\/wp-content\/uploads\/2023\/02\/gober--768x461.jpg 768w\" sizes=\"auto, (max-width: 1000px) 100vw, 1000px\" \/><\/p>\n<p style=\"text-align: justify;\">BENEFICI\u00d3 GOBERNADORA LORENA CU\u00c9LLAR A CAPITALINOS CON REPAVIMENTACI\u00d3N DEL BOULEVAR MARIANO S\u00c1NCHEZ<\/p>\n<p style=\"text-align: justify;\">*El gobierno, a trav\u00e9s de la SI, invirti\u00f3 m\u00e1s de 2.6 mdp en la reparaci\u00f3n de esta vialidad<\/p>\n<p style=\"text-align: justify;\">La gobernadora Lorena Cu\u00e9llar Cisneros inaugur\u00f3 la repavimentaci\u00f3n del Boulevard Mariano S\u00e1nchez de la ciudad capital de Tlaxcala, el cual tuvo una inversi\u00f3n de 2 millones 659 mil 400 pesos y beneficiar\u00e1 a 13 mil 555 habitantes de manera directa.<\/p>\n<p style=\"text-align: justify;\">Durante el acto protocolario, la titular del Ejecutivo local resalt\u00f3 que el gobierno estatal apoya con acciones en diversos rubros a los 60 municipios de la entidad, con el objetivo de generar mayor bienestar entre la poblaci\u00f3n tlaxcalteca.<\/p>\n<p style=\"text-align: justify;\">En ese sentido, enumer\u00f3 algunos de los proyectos m\u00e1s importantes que su administraci\u00f3n realiz\u00f3 durante el a\u00f1o pasado en beneficio de este municipio, como la reingenier\u00eda en la Planta de Tratamiento de Aguas Residuales (PTAR), la recuperaci\u00f3n del inmueble donde actualmente se ubica el Instituto Polit\u00e9cnico Nacional (IPN), as\u00ed como la rehabilitaci\u00f3n de la parroquia de San Jos\u00e9.<\/p>\n<p style=\"text-align: justify;\">\u201cRealizamos m\u00e1s de 17 obras en el municipio de Tlaxcala, hemos hecho un trabajo para todo el estado, cada uno de los municipios ha tenido obras por parte del gobierno independientemente de que tienen su presupuesto, estas acciones son extras porque me gusta escuchar al pueblo y s\u00e9 las necesidades que tiene mi estado (\u2026) seguiremos trabajando con austeridad, honradez y acabando con la corrupci\u00f3n para hacer muchas m\u00e1s obras\u201d, se\u00f1al\u00f3.<\/p>\n<p style=\"text-align: justify;\">En su intervenci\u00f3n, el secretario de Infraestructura, Alfonso S\u00e1nchez Garc\u00eda, explic\u00f3 que en esta importante v\u00eda de comunicaci\u00f3n fueron intervenidos 892 metros, donde realizaron trabajos consistentes en el fresado de carpeta asf\u00e1ltica, carpeta asf\u00e1ltica en caliente, pintura sobre guarniciones, de raya central y lateral, y colocaci\u00f3n de alumbrado p\u00fablico.<\/p>\n<p style=\"text-align: justify;\">\u201cLa misi\u00f3n encomendada por nuestra gobernadora es continuar con el mantenimiento de las vialidades principales para generar mayores oportunidades de crecimiento y bienestar para todos. En la Secretar\u00eda de Infraestructura seguimos atendiendo a la ciudadan\u00eda con vialidades de gran impacto para garantizar tr\u00e1nsitos seguros\u201d, subray\u00f3.<\/p>\n<p style=\"text-align: justify;\">A este evento tambi\u00e9n asisti\u00f3 el alcalde Jorge Alfredo Corichi Fragoso, quien agradeci\u00f3 el respaldo y apoyo de la mandataria estatal para realizar obras emblem\u00e1ticas en la ciudad capital.<\/p>\n<p><img loading=\"lazy\" decoding=\"async\" class=\"alignnone wp-image-16190 size-full\" src=\"https:\/\/labestiapolitica.com.mx\/wp-content\/uploads\/2023\/02\/pomcho-.jpg\" alt=\"\" width=\"1000\" height=\"600\" srcset=\"https:\/\/labestiapolitica.com.mx\/wp-content\/uploads\/2023\/02\/pomcho-.jpg 1000w, https:\/\/labestiapolitica.com.mx\/wp-content\/uploads\/2023\/02\/pomcho--300x180.jpg 300w, https:\/\/labestiapolitica.com.mx\/wp-content\/uploads\/2023\/02\/pomcho--768x461.jpg 768w\" sizes=\"auto, (max-width: 1000px) 100vw, 1000px\" \/><\/p>\n<p>&nbsp;<\/p>\n<p style=\"text-align: justify;\">SUPERVISA GOBERNADORA LORENA CU\u00c9LLAR AVANCES DE LA CONSTRUCCI\u00d3N DEL C5i<\/p>\n<p style=\"text-align: justify;\">*Los trabajos de obra alcanzaron 77 por ciento y se proyecta que sea en los primeros d\u00edas de marzo cuando concluyan<\/p>\n<p style=\"text-align: justify;\">La gobernadora Lorena Cu\u00e9llar Cisneros, acompa\u00f1ada de los titulares de la Comisi\u00f3n Ejecutiva del Sistema Estatal de Seguridad P\u00fablica (Cesesp), Maximino Hern\u00e1ndez Pulido y de la Secretar\u00eda de Seguridad Ciudadana (SSC), Ram\u00f3n Celaya Gamboa, supervis\u00f3 este lunes los avances de construcci\u00f3n del nuevo Centro de Control, Comando, Comunicaciones, C\u00f3mputo, Coordinaci\u00f3n e Inteligencia (C5i).<\/p>\n<p style=\"text-align: justify;\">Durante un recorrido, adem\u00e1s de una presentaci\u00f3n virtual de la obra, ingenieros a cargo de la construcci\u00f3n informaron a la titular del Ejecutivo que los trabajos ya alcanzaron un 77 por ciento, debido a que su realizaci\u00f3n se ha llevado sin contratiempos.<\/p>\n<p style=\"text-align: justify;\">La obra comprende principalmente de cinco edificios principales que son: de monitoreo, de filtro, \u00e1rea de servicios, un auditorio y por \u00faltimo una caseta de seguridad, aunado a \u00e1reas verdes y zona de estacionamiento, entre otros.<\/p>\n<p style=\"text-align: justify;\">En ese sentido, se proyecta que la obra del C5i concluya en su totalidad a inicios del mes de marzo, para despu\u00e9s arrancar con su equipamiento con la tecnolog\u00eda m\u00e1s avanzada, aunado a la capacitaci\u00f3n de personal con las habilidades y conocimientos necesarios en la materia.<\/p>\n<p style=\"text-align: justify;\">Por lo anterior, la gobernadora Lorena Cu\u00e9llar garantiz\u00f3 que con el nuevo C5i su gobierno blindar\u00e1 todo el territorio tlaxcalteca para mantener al estado como uno de menor incidencia delictiva del pa\u00eds.<\/p>\n<p style=\"text-align: justify;\">Asimismo, refrend\u00f3 su compromiso de hacer una nueva historia en materia de seguridad, a fin de mejorar la percepci\u00f3n de la poblaci\u00f3n, adem\u00e1s de privilegiar la paz y tranquilidad de todos los tlaxcaltecas.<\/p>\n<p style=\"text-align: justify;\">En tanto, el comisionado Ejecutivo, Maximino Hern\u00e1ndez Pulido, enfatiz\u00f3 que este proyecto cumplir\u00e1 con los est\u00e1ndares de organizaci\u00f3n operativa coordinada, estandarizaci\u00f3n de la infraestructura, tecnolog\u00eda indispensable de calidad y operaci\u00f3n homog\u00e9nea, y tendr\u00e1 una norma t\u00e9cnica para los sistemas de videovigilancia y un factor humano.<\/p>\n<p style=\"text-align: justify;\">Adelant\u00f3 que en pr\u00f3ximos d\u00edas el actual Centro de Control, Comando, Comunicaciones y C\u00f3mputo (C4) habr\u00e1 de lanzar una convocatoria para buscar personal de operador interviniente del 9-1-1, operador telef\u00f3nico del 0-89 y monitorista de videovigilancia.<\/p>\n<p style=\"text-align: justify;\"><img loading=\"lazy\" decoding=\"async\" class=\"alignnone wp-image-16191 size-full\" src=\"https:\/\/labestiapolitica.com.mx\/wp-content\/uploads\/2023\/02\/lore-1-1.jpg\" alt=\"\" width=\"1000\" height=\"600\" srcset=\"https:\/\/labestiapolitica.com.mx\/wp-content\/uploads\/2023\/02\/lore-1-1.jpg 1000w, https:\/\/labestiapolitica.com.mx\/wp-content\/uploads\/2023\/02\/lore-1-1-300x180.jpg 300w, https:\/\/labestiapolitica.com.mx\/wp-content\/uploads\/2023\/02\/lore-1-1-768x461.jpg 768w\" sizes=\"auto, (max-width: 1000px) 100vw, 1000px\" \/><\/p>\n<p>&nbsp;<\/p>\n<p style=\"text-align: justify;\">TLAXCALA, EJEMPLO A NIVEL NACIONAL EN LA CONSTRUCCI\u00d3N DE BANCOS DEL BIENESTAR: GOBERNADORA<\/p>\n<p>*La mandataria local coloc\u00f3 la primera piedra del Banco del Bienestar en el C5 en el municipio de Tlaxcala; se favorecer\u00e1 a 11 mil 327 ciudadanos<\/p>\n<p style=\"text-align: justify;\">La entidad es ejemplo a nivel nacional en la construcci\u00f3n de los Bancos del Bienestar, destac\u00f3 la gobernadora Lorena Cu\u00e9llar Cisneros, al colocar la primera piedra en el C5, ubicado en el municipio de Tlaxcala, con una inversi\u00f3n de 3 millones 376 mil pesos, mismo que traer\u00e1 beneficios a 11 mil 327 ciudadanos de la regi\u00f3n.<\/p>\n<p>Tlaxcala registra 31 sucursales en operaci\u00f3n, 29 terminadas, cuatro en construcci\u00f3n y cinco m\u00e1s a las cuales se les han asignado recursos para su edificaci\u00f3n, a fin de lograr la meta de 69 que le corresponden a la entidad. \u201cTlaxcala ya tiene todo, va en primer lugar, as\u00ed que el estado siempre pone el ejemplo en todo el pa\u00eds\u201d, resalt\u00f3.<\/p>\n<p>Agreg\u00f3 que los intereses que generan los diversos movimientos en los Bancos del Bienestar son muy bajos; y los pagos del gobierno del estado no representan un desembolso econ\u00f3mico para los tlaxcaltecas.<\/p>\n<p>\u201cLa gente puede venir cuando lo desee; y un adulto mayor cuando est\u00e1 enfermo y no puede ir por su pago, despu\u00e9s es dif\u00edcil este proceso; ahora pueden hacerlo cuando est\u00e9n bien y en el momento que quieran\u201d, refiri\u00f3.<\/p>\n<p>Subray\u00f3 que ha hecho diversas acciones en el municipio de Tlaxcala, como la Unidad de Bienestar para tu Salud, donde hay medicamentos, consultas, lentes y estudios de laboratorio de manera gratuita, entre otras acciones.<\/p>\n<p>Cu\u00e9llar Cisneros agreg\u00f3 que su administraci\u00f3n ha realizado la construcci\u00f3n de cuatro hospitales y en pr\u00f3ximos d\u00edas se dar\u00e1 apertura al de Hemodinamia; adem\u00e1s, dijo que se construir\u00e1 este a\u00f1o el nuevo Hospital de la Mujer y se ampliar\u00e1 el Infantil de Tlaxcala.<\/p>\n<p>En su oportunidad, el delegado de la Secretar\u00eda de Bienestar en Tlaxcala, Carlos Luna V\u00e1zquez reconoci\u00f3 que la mandataria local, Lorena Cu\u00e9llar, fue quien inici\u00f3 la gesti\u00f3n para la construcci\u00f3n de los Bancos del Bienestar en Tlaxcala. \u201cElla inici\u00f3 esta gesti\u00f3n important\u00edsima de los bancos; yo solo le he dado continuidad a lo que ella dej\u00f3 y con la responsabilidad de estar en el primer lugar, lo que es un reto muy grande\u201d.<\/p>\n<p>A trav\u00e9s de estos Bancos, se dispersan 536 millones bimestrales para diversos sectores de la poblaci\u00f3n que reciben beneficios de los programas de las becas Benito Ju\u00e1rez, Tandas para el Bienestar, J\u00f3venes Construyendo el Futuro, incluidas personas con alguna discapacidad, entre otros movimientos que puede realizar la ciudadan\u00eda.<\/p>\n<p>Al inicio de la construcci\u00f3n del Banco del Bienestar asistieron el comisionado Ejecutivo del Sistema Estatal de Seguridad P\u00fablica (Cesesp), Maximino Hern\u00e1ndez Pulido; el coordinador regional de la ruta de Puebla\u2013Tlaxcala de Bancos del Bienestar, Jorge Mart\u00edn Ram\u00edrez Lezama; la directora de la regi\u00f3n n\u00famero dos de la delegaci\u00f3n de Bienestar en Tlaxcala, Isela Rojas Amador; el capit\u00e1n primero e ingeniero constructor de la Secretar\u00eda de la Defensa Nacional (Sedena), Andr\u00e9s Trujillo M\u00e1rquez y el alcalde de Tlaxcala, Jorge Corichi Fragoso.<\/p>\n<p><img loading=\"lazy\" decoding=\"async\" class=\"alignnone wp-image-16192 size-full\" src=\"https:\/\/labestiapolitica.com.mx\/wp-content\/uploads\/2023\/02\/tlaxccala-.jpg\" alt=\"\" width=\"1000\" height=\"600\" srcset=\"https:\/\/labestiapolitica.com.mx\/wp-content\/uploads\/2023\/02\/tlaxccala-.jpg 1000w, https:\/\/labestiapolitica.com.mx\/wp-content\/uploads\/2023\/02\/tlaxccala--300x180.jpg 300w, https:\/\/labestiapolitica.com.mx\/wp-content\/uploads\/2023\/02\/tlaxccala--768x461.jpg 768w\" sizes=\"auto, (max-width: 1000px) 100vw, 1000px\" \/><\/p>\n","protected":false},"excerpt":{"rendered":"<p>PRESENTAN SEDIF Y SNDIF LOS RESULTADOS DE LA CONSULTA \u00bfME ESCUCHAS? 2022 *Participaron 5 mil 957 ni\u00f1as, ni\u00f1os y adolescentes tlaxcaltecas en este ejercicio de libertad de expresi\u00f3n Los Sistemas Nacional y Estatal para el Desarrollo Integral de la Familia presentaron en Tlaxcala los resultados de la Consulta Infantil \u201c\u00bfMe escuchas? 2022\u201d, para la generaci\u00f3n [&hellip;]<\/p>\n","protected":false},"author":3,"featured_media":16187,"comment_status":"open","ping_status":"open","sticky":false,"template":"","format":"standard","meta":{"footnotes":""},"categories":[7],"tags":[],"class_list":["post-16185","post","type-post","status-publish","format-standard","has-post-thumbnail","hentry","category-ciudadanos"],"amp_enabled":true,"_links":{"self":[{"href":"https:\/\/labestiapolitica.com.mx\/index.php?rest_route=\/wp\/v2\/posts\/16185","targetHints":{"allow":["GET"]}}],"collection":[{"href":"https:\/\/labestiapolitica.com.mx\/index.php?rest_route=\/wp\/v2\/posts"}],"about":[{"href":"https:\/\/labestiapolitica.com.mx\/index.php?rest_route=\/wp\/v2\/types\/post"}],"author":[{"embeddable":true,"href":"https:\/\/labestiapolitica.com.mx\/index.php?rest_route=\/wp\/v2\/users\/3"}],"replies":[{"embeddable":true,"href":"https:\/\/labestiapolitica.com.mx\/index.php?rest_route=%2Fwp%2Fv2%2Fcomments&post=16185"}],"version-history":[{"count":2,"href":"https:\/\/labestiapolitica.com.mx\/index.php?rest_route=\/wp\/v2\/posts\/16185\/revisions"}],"predecessor-version":[{"id":16194,"href":"https:\/\/labestiapolitica.com.mx\/index.php?rest_route=\/wp\/v2\/posts\/16185\/revisions\/16194"}],"wp:featuredmedia":[{"embeddable":true,"href":"https:\/\/labestiapolitica.com.mx\/index.php?rest_route=\/wp\/v2\/media\/16187"}],"wp:attachment":[{"href":"https:\/\/labestiapolitica.com.mx\/index.php?rest_route=%2Fwp%2Fv2%2Fmedia&parent=16185"}],"wp:term":[{"taxonomy":"category","embeddable":true,"href":"https:\/\/labestiapolitica.com.mx\/index.php?rest_route=%2Fwp%2Fv2%2Fcategories&post=16185"},{"taxonomy":"post_tag","embeddable":true,"href":"https:\/\/labestiapolitica.com.mx\/index.php?rest_route=%2Fwp%2Fv2%2Ftags&post=16185"}],"curies":[{"name":"wp","href":"https:\/\/api.w.org\/{rel}","templated":true}]}}