{"id":16195,"date":"2023-01-26T14:58:15","date_gmt":"2023-01-26T14:58:15","guid":{"rendered":"https:\/\/labestiapolitica.com.mx\/?p=16195"},"modified":"2023-02-01T15:13:53","modified_gmt":"2023-02-01T15:13:53","slug":"acuerdan-fecha-para-comparecencia-del-titular-de-sedeco","status":"publish","type":"post","link":"https:\/\/labestiapolitica.com.mx\/?p=16195","title":{"rendered":"Acuerdan fecha para comparecencia del titular de SEDECO"},"content":{"rendered":"<p><img loading=\"lazy\" decoding=\"async\" class=\"alignnone wp-image-16197 size-full\" src=\"https:\/\/labestiapolitica.com.mx\/wp-content\/uploads\/2023\/02\/pepepepepepe.jpg\" alt=\"\" width=\"1000\" height=\"600\" srcset=\"https:\/\/labestiapolitica.com.mx\/wp-content\/uploads\/2023\/02\/pepepepepepe.jpg 1000w, https:\/\/labestiapolitica.com.mx\/wp-content\/uploads\/2023\/02\/pepepepepepe-300x180.jpg 300w, https:\/\/labestiapolitica.com.mx\/wp-content\/uploads\/2023\/02\/pepepepepepe-768x461.jpg 768w\" sizes=\"auto, (max-width: 1000px) 100vw, 1000px\" \/><\/p>\n<p>Ser\u00e1 el pr\u00f3ximo martes 7 de febrero a las 13:00 horas cuando el Secretario de Desarrollo Econ\u00f3mico, Javier Marroqu\u00edn Calder\u00f3n comparezca ante el Congreso del Estado, a trav\u00e9s de la Comisi\u00f3n de Desarrollo Econ\u00f3mico, que encabeza el panista Pepe Temoltzin Mart\u00ednez, lo anterior derivado del acuerdo que se tuvo esta ma\u00f1ana por parte de diputadas y diputados en integrantes de esta comisi\u00f3n.<\/p>\n<p>En cumplimiento al acuerdo mediante el cual se establece el procedimiento para desarrollar las comparecencias de los secretarios del ramo del Gobierno del Estado de Tlaxcala con motivo de la glosa del primer informe de gobierno, los Integrantes de la Comisi\u00f3n de Desarrollo Econ\u00f3mico del Congreso del Estado sostuvieron una reuni\u00f3n previa con el titular de SEDECO a fin de establecer la log\u00edstica y formato de la comparecencia.<\/p>\n<p>En dicha reuni\u00f3n estuvieron presentes la totalidad de los integrantes de la comisi\u00f3n de Desarrollo Econ\u00f3mico, as\u00ed como la presidenta de la Junta de Coordinaci\u00f3n y Concertaci\u00f3n Pol\u00edtica, Marcela Gonz\u00e1lez Castillo, el secretario de Desarrollo Econ\u00f3mico, quienes realizaron todos los puntos de acuerdo para efecto de que Marroqu\u00edn Calder\u00f3n rinda un informe detallado de las acciones emprendidas durante su gesti\u00f3n ante el pleno.<\/p>\n<p>Cabe destacar, que el legislador Pepe Temoltzin, refiri\u00f3 que este ejercicio debe permitir medir resultados en el primer a\u00f1o de gobierno, y debe ser un acto de transparencia y rendici\u00f3n de cuentas amplio.<\/p>\n<p style=\"text-align: justify;\">\n","protected":false},"excerpt":{"rendered":"<p>Ser\u00e1 el pr\u00f3ximo martes 7 de febrero a las 13:00 horas cuando el Secretario de Desarrollo Econ\u00f3mico, Javier Marroqu\u00edn Calder\u00f3n comparezca ante el Congreso del Estado, a trav\u00e9s de la Comisi\u00f3n de Desarrollo Econ\u00f3mico, que encabeza el panista Pepe Temoltzin Mart\u00ednez, lo anterior derivado del acuerdo que se tuvo esta ma\u00f1ana por parte de diputadas [&hellip;]<\/p>\n","protected":false},"author":3,"featured_media":16196,"comment_status":"open","ping_status":"open","sticky":false,"template":"","format":"standard","meta":{"footnotes":""},"categories":[7],"tags":[],"class_list":["post-16195","post","type-post","status-publish","format-standard","has-post-thumbnail","hentry","category-ciudadanos"],"amp_enabled":true,"_links":{"self":[{"href":"https:\/\/labestiapolitica.com.mx\/index.php?rest_route=\/wp\/v2\/posts\/16195","targetHints":{"allow":["GET"]}}],"collection":[{"href":"https:\/\/labestiapolitica.com.mx\/index.php?rest_route=\/wp\/v2\/posts"}],"about":[{"href":"https:\/\/labestiapolitica.com.mx\/index.php?rest_route=\/wp\/v2\/types\/post"}],"author":[{"embeddable":true,"href":"https:\/\/labestiapolitica.com.mx\/index.php?rest_route=\/wp\/v2\/users\/3"}],"replies":[{"embeddable":true,"href":"https:\/\/labestiapolitica.com.mx\/index.php?rest_route=%2Fwp%2Fv2%2Fcomments&post=16195"}],"version-history":[{"count":2,"href":"https:\/\/labestiapolitica.com.mx\/index.php?rest_route=\/wp\/v2\/posts\/16195\/revisions"}],"predecessor-version":[{"id":16203,"href":"https:\/\/labestiapolitica.com.mx\/index.php?rest_route=\/wp\/v2\/posts\/16195\/revisions\/16203"}],"wp:featuredmedia":[{"embeddable":true,"href":"https:\/\/labestiapolitica.com.mx\/index.php?rest_route=\/wp\/v2\/media\/16196"}],"wp:attachment":[{"href":"https:\/\/labestiapolitica.com.mx\/index.php?rest_route=%2Fwp%2Fv2%2Fmedia&parent=16195"}],"wp:term":[{"taxonomy":"category","embeddable":true,"href":"https:\/\/labestiapolitica.com.mx\/index.php?rest_route=%2Fwp%2Fv2%2Fcategories&post=16195"},{"taxonomy":"post_tag","embeddable":true,"href":"https:\/\/labestiapolitica.com.mx\/index.php?rest_route=%2Fwp%2Fv2%2Ftags&post=16195"}],"curies":[{"name":"wp","href":"https:\/\/api.w.org\/{rel}","templated":true}]}}