{"id":16250,"date":"2023-01-26T05:38:49","date_gmt":"2023-01-26T05:38:49","guid":{"rendered":"https:\/\/labestiapolitica.com.mx\/?p=16250"},"modified":"2023-02-03T05:40:05","modified_gmt":"2023-02-03T05:40:05","slug":"arriba-cabalgata-de-reyes-magos-a-chiautempan","status":"publish","type":"post","link":"https:\/\/labestiapolitica.com.mx\/?p=16250","title":{"rendered":"Arriba \u201cCabalgata de Reyes Magos\u201d a Chiautempan"},"content":{"rendered":"<p style=\"text-align: justify;\">Con mucha alegr\u00eda, sorpresas y regalos lleg\u00f3 a Chiautempan la \u201cCabalgata de Reyes Magos\u201d evento organizado por el Sistema Estatal para el Desarrollo Integral de la Familia (Sedif) en coordinaci\u00f3n con el Ayuntamiento de Chiautempan a trav\u00e9s del Sistema Municipal DIF.<\/p>\n<p style=\"text-align: justify;\">En esta ocasi\u00f3n, cientos de ni\u00f1os recibieron de manos de la presidenta honorifica del DIF estatal, Mariana Espinosa de los Monteros Cu\u00e9llar y de la presidenta honorifica del DIF Municipal, M\u00f3nica Jim\u00e9nez Ram\u00edrez, juguetes, sorpresas y regalos.<\/p>\n<p style=\"text-align: justify;\">En el uso de la voz, Jim\u00e9nez Ram\u00edrez coment\u00f3 que la cabalgata de reyes magos llega a Chiautempan gracias al esfuerzo y trabajado coordinado con el DIF Estatal, y al inter\u00e9s de la gobernadora Lorena Cu\u00e9llar Cisneros por lo ni\u00f1os de nuestro municipio. \u201cLa ni\u00f1ez es una prioridad de nuestro trabajo en el DIF, sabemos que la b\u00fasqueda de su felicidad es una de las partes fundamentales de su desarrollo integral\u201d.<\/p>\n<p style=\"text-align: justify;\">En tanto que Mariana Espinosa de los Monteros agradeci\u00f3 el c\u00e1lido recibimiento que tuvo en Chiautempan, al tiempo que reconoci\u00f3 el esfuerzo y trabajo en equipo que hacen los DIF de los municipios para que la obra y acciones del gobierno del estado lleguen a m\u00e1s personas.<\/p>\n<p style=\"text-align: justify;\">Cabe se\u00f1alar que, la \u201cCabalgata de Reyes\u201d impulsado por el SEDIF recorrer\u00e1 los 60 municipios de la entidad y el d\u00eda de hoy llegaron a Chiautempan, por lo que se hizo entrega de obsequios a las peque\u00f1as y peque\u00f1os m\u00e1s vulnerables, en el auditorio de la demarcaci\u00f3n.<\/p>\n<p style=\"text-align: justify;\">A este importante acto asisti\u00f3 el jefe del Departamento Especializado contra la Violencia Familiar, Estefano Di Gracia Hern\u00e1ndez, as\u00ed como personal del DIF Estatal, del DIF Municipal y del Ayuntamiento de Chiautempan.<\/p>\n","protected":false},"excerpt":{"rendered":"<p>Con mucha alegr\u00eda, sorpresas y regalos lleg\u00f3 a Chiautempan la \u201cCabalgata de Reyes Magos\u201d evento organizado por el Sistema Estatal para el Desarrollo Integral de la Familia (Sedif) en coordinaci\u00f3n con el Ayuntamiento de Chiautempan a trav\u00e9s del Sistema Municipal DIF. En esta ocasi\u00f3n, cientos de ni\u00f1os recibieron de manos de la presidenta honorifica del [&hellip;]<\/p>\n","protected":false},"author":3,"featured_media":16251,"comment_status":"open","ping_status":"open","sticky":false,"template":"","format":"standard","meta":{"footnotes":""},"categories":[7],"tags":[],"class_list":["post-16250","post","type-post","status-publish","format-standard","has-post-thumbnail","hentry","category-ciudadanos"],"amp_enabled":true,"_links":{"self":[{"href":"https:\/\/labestiapolitica.com.mx\/index.php?rest_route=\/wp\/v2\/posts\/16250","targetHints":{"allow":["GET"]}}],"collection":[{"href":"https:\/\/labestiapolitica.com.mx\/index.php?rest_route=\/wp\/v2\/posts"}],"about":[{"href":"https:\/\/labestiapolitica.com.mx\/index.php?rest_route=\/wp\/v2\/types\/post"}],"author":[{"embeddable":true,"href":"https:\/\/labestiapolitica.com.mx\/index.php?rest_route=\/wp\/v2\/users\/3"}],"replies":[{"embeddable":true,"href":"https:\/\/labestiapolitica.com.mx\/index.php?rest_route=%2Fwp%2Fv2%2Fcomments&post=16250"}],"version-history":[{"count":1,"href":"https:\/\/labestiapolitica.com.mx\/index.php?rest_route=\/wp\/v2\/posts\/16250\/revisions"}],"predecessor-version":[{"id":16252,"href":"https:\/\/labestiapolitica.com.mx\/index.php?rest_route=\/wp\/v2\/posts\/16250\/revisions\/16252"}],"wp:featuredmedia":[{"embeddable":true,"href":"https:\/\/labestiapolitica.com.mx\/index.php?rest_route=\/wp\/v2\/media\/16251"}],"wp:attachment":[{"href":"https:\/\/labestiapolitica.com.mx\/index.php?rest_route=%2Fwp%2Fv2%2Fmedia&parent=16250"}],"wp:term":[{"taxonomy":"category","embeddable":true,"href":"https:\/\/labestiapolitica.com.mx\/index.php?rest_route=%2Fwp%2Fv2%2Fcategories&post=16250"},{"taxonomy":"post_tag","embeddable":true,"href":"https:\/\/labestiapolitica.com.mx\/index.php?rest_route=%2Fwp%2Fv2%2Ftags&post=16250"}],"curies":[{"name":"wp","href":"https:\/\/api.w.org\/{rel}","templated":true}]}}