{"id":16269,"date":"2023-01-27T15:41:25","date_gmt":"2023-01-27T15:41:25","guid":{"rendered":"https:\/\/labestiapolitica.com.mx\/?p=16269"},"modified":"2023-02-03T15:42:42","modified_gmt":"2023-02-03T15:42:42","slug":"se-realiza-con-exito-jornada-de-reclutamiento-para-guardias-del-servicio-de-proteccion-federal-en-chiautempan","status":"publish","type":"post","link":"https:\/\/labestiapolitica.com.mx\/?p=16269","title":{"rendered":"Se realiza con \u00e9xito jornada de reclutamiento para guardias del Servicio de Protecci\u00f3n Federal en Chiautempan"},"content":{"rendered":"<p style=\"text-align: justify;\">El Ayuntamiento de Chiautempan en coordinaci\u00f3n con la Secretarpia del Trabajo y Competitividad (STyC) y el Servicio de Protecci\u00f3n Federal (SPF) pusieron en marcha la jornada de reclutamiento en este municipio.<\/p>\n<p style=\"text-align: justify;\">En el acto protocolario, que encabez\u00f3 el presidente municipal Gustavo Jim\u00e9nez Romero junto con el titular de la STyC, Ignacio L\u00f3pez S\u00e1nchez y el representa del SPF, Oscar Morales M\u00e9ndez, mencion\u00f3 que gracias al trabajo coordinado hoy se pueden ofertar este tipo de oportunidades para la sociedad chiautempense.<\/p>\n<p style=\"text-align: justify;\">\u201cGracias al trabajo en equipo y la excelente coordinaci\u00f3n que existe entre el gobierno federal, estatal y nuestro municipio, hoy podemos ofertar para los chiautempenses plazas como guardias del Servicio de Protecci\u00f3n Dederal\u201d.<\/p>\n<p style=\"text-align: justify;\">En su oportunidad, L\u00f3pez S\u00e1nchez, coment\u00f3 que esta estrategia de otorgar empleos buenos y dignos a las y los ciudadanos es parte del trabajo interinstitucional y a la buena comunicaci\u00f3n que se tiene con el municipio de Chiautempan.<\/p>\n<p style=\"text-align: justify;\">Cabe se\u00f1alar que en este reclutamiento los aspirantes deber\u00e1n someterse a los primeros filtros de selecci\u00f3n establecidos por la SPF, a fin de determinar si son candidatos a las pruebas de control de confianza.<\/p>\n<p style=\"text-align: justify;\">De entre las actividades de un Guardia de Protecci\u00f3n Federal destacan: auxiliar en la vigilancia y seguridad de bienes e instalaciones estrat\u00e9gicos de las dependencias y entidades de la Administraci\u00f3n P\u00fablica Federal.<\/p>\n<p style=\"text-align: justify;\">En esta ocasi\u00f3n estuvieron presentes, Fabiola Rosas Cuahutle, Directora de Vinculaci\u00f3n Empresarial y Promoci\u00f3n al Empleo y L\u00e1zaro Netzahuatl Teomitzi, Director de Desarrollo Econ\u00f3mico del municipio.<\/p>\n","protected":false},"excerpt":{"rendered":"<p>El Ayuntamiento de Chiautempan en coordinaci\u00f3n con la Secretarpia del Trabajo y Competitividad (STyC) y el Servicio de Protecci\u00f3n Federal (SPF) pusieron en marcha la jornada de reclutamiento en este municipio. En el acto protocolario, que encabez\u00f3 el presidente municipal Gustavo Jim\u00e9nez Romero junto con el titular de la STyC, Ignacio L\u00f3pez S\u00e1nchez y el [&hellip;]<\/p>\n","protected":false},"author":3,"featured_media":16270,"comment_status":"open","ping_status":"open","sticky":false,"template":"","format":"standard","meta":{"footnotes":""},"categories":[7],"tags":[],"class_list":["post-16269","post","type-post","status-publish","format-standard","has-post-thumbnail","hentry","category-ciudadanos"],"amp_enabled":true,"_links":{"self":[{"href":"https:\/\/labestiapolitica.com.mx\/index.php?rest_route=\/wp\/v2\/posts\/16269","targetHints":{"allow":["GET"]}}],"collection":[{"href":"https:\/\/labestiapolitica.com.mx\/index.php?rest_route=\/wp\/v2\/posts"}],"about":[{"href":"https:\/\/labestiapolitica.com.mx\/index.php?rest_route=\/wp\/v2\/types\/post"}],"author":[{"embeddable":true,"href":"https:\/\/labestiapolitica.com.mx\/index.php?rest_route=\/wp\/v2\/users\/3"}],"replies":[{"embeddable":true,"href":"https:\/\/labestiapolitica.com.mx\/index.php?rest_route=%2Fwp%2Fv2%2Fcomments&post=16269"}],"version-history":[{"count":1,"href":"https:\/\/labestiapolitica.com.mx\/index.php?rest_route=\/wp\/v2\/posts\/16269\/revisions"}],"predecessor-version":[{"id":16271,"href":"https:\/\/labestiapolitica.com.mx\/index.php?rest_route=\/wp\/v2\/posts\/16269\/revisions\/16271"}],"wp:featuredmedia":[{"embeddable":true,"href":"https:\/\/labestiapolitica.com.mx\/index.php?rest_route=\/wp\/v2\/media\/16270"}],"wp:attachment":[{"href":"https:\/\/labestiapolitica.com.mx\/index.php?rest_route=%2Fwp%2Fv2%2Fmedia&parent=16269"}],"wp:term":[{"taxonomy":"category","embeddable":true,"href":"https:\/\/labestiapolitica.com.mx\/index.php?rest_route=%2Fwp%2Fv2%2Fcategories&post=16269"},{"taxonomy":"post_tag","embeddable":true,"href":"https:\/\/labestiapolitica.com.mx\/index.php?rest_route=%2Fwp%2Fv2%2Ftags&post=16269"}],"curies":[{"name":"wp","href":"https:\/\/api.w.org\/{rel}","templated":true}]}}