{"id":17854,"date":"2023-05-09T17:26:32","date_gmt":"2023-05-09T23:26:32","guid":{"rendered":"https:\/\/labestiapolitica.com.mx\/?p=17854"},"modified":"2023-05-09T20:48:52","modified_gmt":"2023-05-10T02:48:52","slug":"implementa-sedif-50-salas-de-lactancia-materna-en-instituciones-de-gobierno","status":"publish","type":"post","link":"https:\/\/labestiapolitica.com.mx\/?p=17854","title":{"rendered":"Implementa SEDIF 50 salas de lactancia materna en instituciones de gobierno"},"content":{"rendered":"<p style=\"text-align: justify;\">*El trabajo colaborativo con las instituciones gubernamentales impulsa la pr\u00e1ctica de la lactancia materna en espacios laborales<\/p>\n<p style=\"text-align: justify;\">Con el objetivo de impulsar la lactancia materna en espacios adecuados y dignos, la gobernadora de Tlaxcala, Lorena Cu\u00e9llar Cisneros y la presidenta honor\u00edfica del Sistema Estatal para el Desarrollo Integral de la Familia (Sedif), Mariana Espinosa de los Monteros Cu\u00e9llar, pusieron en marcha el programa \u201cLactarios, el Inicio de Nuestras Vidas\u201d en 50 dependencias gubernamentales.<\/p>\n<p style=\"text-align: justify;\">La v\u00edspera de la celebraci\u00f3n del D\u00eda de la Madres, la titular del Poder Ejecutivo local enfatiz\u00f3 en la importancia de este programa que tiene como objetivo que las mujeres en etapa de lactancia que laboran en las dependencias o que son usuarias, tengan un espacio para alimentar a sus beb\u00e9s o extraer leche para almacenarla y llevarla a casa al final de la jornada, sin que esto signifique descuidar sus actividades laborales o cotidianas.<\/p>\n<p style=\"text-align: justify;\">\u201cPara m\u00ed es muy importante que la maternidad en Tlaxcala se pueda desarrollar en mejores condiciones, es por eso que el DIF estatal en su labor pens\u00f3 en este sector y hoy llevaremos a 50 dependencias del Gobierno del Estado estas salas de lactancia, agradezco a las titulares de las dependencias para acercar a sus trabajadoras este bienestar\u201d, coment\u00f3 la gobernadora en el evento de inauguraci\u00f3n y de entrega de paquetes de lactarios que se llev\u00f3 a cabo en las instalaciones del Centro de Justicia para las Mujeres.<\/p>\n<p style=\"text-align: justify;\">En su intervenci\u00f3n, la presidenta honor\u00edfica del Sedif, Mariana Espinosa de los Monteros Cu\u00e9llar agradeci\u00f3 el trabajo en equipo con las y los titulares de las distintas dependencias del Gobierno del Estado para habilitar salas de lactancia.<\/p>\n<p style=\"text-align: justify;\">Adem\u00e1s, a\u00f1adi\u00f3 que la prioridad de estos espacios en las dependencias es garantizar una protecci\u00f3n adecuada de la maternidad y conceder a las madres un \u00e1rea asignada, digna, privada, higi\u00e9nica y accesible para que las mujeres en periodo de lactancia amamanten o extraigan y conserven adecuadamente su leche durante su jornada laboral.<\/p>\n<p style=\"text-align: justify;\">\u201cEs por ello que formaremos una nueva historia con la lactancia materna y dotaremos a cada dependencia los materiales necesarios para la instalaci\u00f3n de los lactarios, con la instalaci\u00f3n de estos lactarios favoreceremos el ejercicio de los derechos laborales de las mujeres, as\u00ed como los derechos a la salud, a la nutrici\u00f3n y al cuidado de las ni\u00f1as y ni\u00f1os, de las madres y de las familias\u201d, agreg\u00f3.<\/p>\n<p style=\"text-align: justify;\">A nombre de las beneficiarias, Ana Laura Hern\u00e1ndez M\u00e1rquez, trabajadora del Instituto Tecnol\u00f3gico Superior de Tlaxco (ITST), mencion\u00f3 que entre los actores clave para que las mujeres puedan continuar con la lactancia se encuentran la familia y los empleadores, siendo estos \u00faltimos claves cuando garantizan las condiciones y posibilidades para que la lactancia no se suspenda con el regreso al trabajo.<\/p>\n<p style=\"text-align: justify;\">\u201cConoc\u00ed el lactario que habilitaron en mi espacio de trabajo siendo un lugar respetuoso de la maternidad y profundamente cuidadoso de la intimidad que atemper\u00f3 mi ansiedad por volver a mi entorno laboral, pues es en ese espacio donde seguir\u00e9 brind\u00e1ndole a mi hija amor y una buena alimentaci\u00f3n sin dificultar mis labores, estos detalles hablan de la gran parte humana de nuestra gobernadora, su compromiso y empat\u00eda con las mujeres trabajadoras entiende nuestra necesidades y emociones, por a\u00f1os no existi\u00f3 un espacio que dignificara y procurara la lactancia materna\u201d, subray\u00f3 la beneficiaria.<\/p>\n<p style=\"text-align: justify;\">Posteriormente, se hizo entrega simb\u00f3lica a titulares de tres dependencias estatales de los paquetes para la instalaci\u00f3n de las salas de lactancia que constan de: sill\u00f3n reclinatorio, frigobar, mesa individual, kit de fregadero con tarja, dispensador de agua, bote de basura y pizarr\u00f3n\u00a0blanco<\/p>\n","protected":false},"excerpt":{"rendered":"<p>*El trabajo colaborativo con las instituciones gubernamentales impulsa la pr\u00e1ctica de la lactancia materna en espacios laborales Con el objetivo de impulsar la lactancia materna en espacios adecuados y dignos, la gobernadora de Tlaxcala, Lorena Cu\u00e9llar Cisneros y la presidenta honor\u00edfica del Sistema Estatal para el Desarrollo Integral de la Familia (Sedif), Mariana Espinosa de [&hellip;]<\/p>\n","protected":false},"author":3,"featured_media":17855,"comment_status":"open","ping_status":"open","sticky":false,"template":"","format":"standard","meta":{"footnotes":""},"categories":[7],"tags":[],"class_list":["post-17854","post","type-post","status-publish","format-standard","has-post-thumbnail","hentry","category-ciudadanos"],"amp_enabled":true,"_links":{"self":[{"href":"https:\/\/labestiapolitica.com.mx\/index.php?rest_route=\/wp\/v2\/posts\/17854","targetHints":{"allow":["GET"]}}],"collection":[{"href":"https:\/\/labestiapolitica.com.mx\/index.php?rest_route=\/wp\/v2\/posts"}],"about":[{"href":"https:\/\/labestiapolitica.com.mx\/index.php?rest_route=\/wp\/v2\/types\/post"}],"author":[{"embeddable":true,"href":"https:\/\/labestiapolitica.com.mx\/index.php?rest_route=\/wp\/v2\/users\/3"}],"replies":[{"embeddable":true,"href":"https:\/\/labestiapolitica.com.mx\/index.php?rest_route=%2Fwp%2Fv2%2Fcomments&post=17854"}],"version-history":[{"count":2,"href":"https:\/\/labestiapolitica.com.mx\/index.php?rest_route=\/wp\/v2\/posts\/17854\/revisions"}],"predecessor-version":[{"id":17878,"href":"https:\/\/labestiapolitica.com.mx\/index.php?rest_route=\/wp\/v2\/posts\/17854\/revisions\/17878"}],"wp:featuredmedia":[{"embeddable":true,"href":"https:\/\/labestiapolitica.com.mx\/index.php?rest_route=\/wp\/v2\/media\/17855"}],"wp:attachment":[{"href":"https:\/\/labestiapolitica.com.mx\/index.php?rest_route=%2Fwp%2Fv2%2Fmedia&parent=17854"}],"wp:term":[{"taxonomy":"category","embeddable":true,"href":"https:\/\/labestiapolitica.com.mx\/index.php?rest_route=%2Fwp%2Fv2%2Fcategories&post=17854"},{"taxonomy":"post_tag","embeddable":true,"href":"https:\/\/labestiapolitica.com.mx\/index.php?rest_route=%2Fwp%2Fv2%2Ftags&post=17854"}],"curies":[{"name":"wp","href":"https:\/\/api.w.org\/{rel}","templated":true}]}}