{"id":1821,"date":"2020-10-03T07:05:15","date_gmt":"2020-10-03T07:05:15","guid":{"rendered":"https:\/\/labestiapolitica.com.mx\/?p=1821"},"modified":"2020-10-05T04:20:22","modified_gmt":"2020-10-05T04:20:22","slug":"marco-mena-y-santiago-nieto-firman-convenios-para-combatir-uso-de-recursos-ilicitos","status":"publish","type":"post","link":"https:\/\/labestiapolitica.com.mx\/?p=1821","title":{"rendered":"Marco Mena y Santiago Nieto firman convenios  para combatir uso de recursos il\u00edcitos"},"content":{"rendered":"<p style=\"text-align: justify;\"><em>Derivado de la firma de los convenios, se crear\u00e1 la Unidad de Inteligencia Patrimonial y Econ\u00f3mica del Estado de Tlaxcala. <\/em><\/p>\n<p style=\"text-align: justify;\">El Gobernador Marco Mena y Santiago Nieto Castillo, titular de la Unidad de Inteligencia Financiera (UIF) de la Secretar\u00eda de Hacienda y Cr\u00e9dito P\u00fablico (SHCP), signaron convenios de colaboraci\u00f3n con el prop\u00f3sito de fortalecer el combate a la delincuencia, al uso de recursos il\u00edcitos y lavado de dinero, y crear la Unidad de Inteligencia Patrimonial y Econ\u00f3mica del Estado de Tlaxcala.<\/p>\n<p style=\"text-align: justify;\">En el Sal\u00f3n Rojo del Palacio de Gobierno, el Gobernador Mena resalt\u00f3 que las tareas de cooperaci\u00f3n entre el Gobierno Estatal y la Unidad de Inteligencia Financiera se formalizan con la firma de estos convenios para impactar en el fortalecimiento de los principios de buena conducta en los funcionarios p\u00fablicos y atacar delitos que requieren trabajo de campo, log\u00edstica, an\u00e1lisis y acci\u00f3n en el \u00e1mbito financiero.<\/p>\n<p style=\"text-align: justify;\">Marco Mena inform\u00f3 que, de esta manera, se crear\u00e1 la Unidad de Inteligencia Patrimonial y Econ\u00f3mica del Estado de Tlaxcala, que trabajar\u00e1 de modo operativo y focalizado sobre los compromisos que establece el convenio.<\/p>\n<p style=\"text-align: justify;\">En su mensaje, el Gobernador Marco Mena se\u00f1al\u00f3 que, en materia de seguridad, Tlaxcala se ubica en el segundo lugar con menor n\u00famero de delitos y menor \u00edndice de delincuencia por cada 100 mil habitantes, adem\u00e1s de la reducci\u00f3n de algunos delitos de forma importante durante los \u00faltimos tres a\u00f1os.<\/p>\n<p style=\"text-align: justify;\">El Gobernador Mena resalt\u00f3 que la entidad continuar\u00e1 sin adquirir deuda p\u00fablica y se ha destacado por ser el estado que menos empleo formal ha perdido este a\u00f1o a pesar de la pandemia por Covid-19.<\/p>\n<p style=\"text-align: justify;\">\u00abDurante 2019, la entidad creci\u00f3 a 6.5 por ciento, y continuar\u00e1 buscando inversiones para mantener empleos formales en beneficio de los tlaxcaltecas\u00bb, apunt\u00f3.<\/p>\n<p style=\"text-align: justify;\">En su oportunidad, Santiago Nieto Castillo, titular de la Unidad de Inteligencia Financiera, reconoci\u00f3 el compromiso del Gobierno Estatal para combatir la trata de personas y secuestro, entre otros delitos.<\/p>\n<p style=\"text-align: justify;\">Nieto Castillo sostuvo que proporcionar\u00e1n la informaci\u00f3n necesaria para hacer frente a los grupos delictivos, adem\u00e1s de subrayar su compromiso para trabajar de manera conjunta con la Administraci\u00f3n Estatal y la Procuradur\u00eda General de Justicia del Estado.<\/p>\n<p style=\"text-align: justify;\">En tanto, Jos\u00e9 Aar\u00f3n P\u00e9rez Carro, Secretario de Gobierno, destac\u00f3 que la firma del convenio permitir\u00e1 establecer las bases y mecanismos eficientes para la actuaci\u00f3n de las autoridades en el combate a la comisi\u00f3n de delitos y operaciones con recursos de procedencia il\u00edcita, as\u00ed como para los trabajos de fiscalizaci\u00f3n en el estado.<\/p>\n<p style=\"text-align: justify;\">Como parte del evento, el Gobernador Marco Mena y Santiago Nieto Castillo, titular de la Unidad de Inteligencia Financiera (UIF), firmaron el convenio de colaboraci\u00f3n; posteriormente, Nieto Castillo tambi\u00e9n sign\u00f3 un convenio con Jos\u00e9 Antonio Aquiahuatl S\u00e1nchez, Procurador General de Justicia del Estado.<\/p>\n<p style=\"text-align: justify;\">A trav\u00e9s de las redes sociales, el Gobernador Marco Mena inform\u00f3 de la firma del convenio, en sus cuentas de Facebook y Twitter public\u00f3: \u201cHoy recibimos en Tlaxcala a @SNietoCastillo, titular de la Unidad de Inteligencia Financiera de @Hacienda_Mexico, con quien firmamos convenios para la investigaci\u00f3n y el combate a delitos por el uso de recursos il\u00edcitos. Tambi\u00e9n, se sientan las bases para crear la UIF Estatal\u201d.<\/p>\n<p style=\"text-align: justify;\">Al evento asistieron Ana Karen Escal\u00f3n, Directora General Adjunta de Asuntos Normativos de la UIF; Alejandra Nande Islas, Secretaria de Planeaci\u00f3n y Finanzas; Eduardo Valiente Hern\u00e1ndez, Secretario de Seguridad Ciudadana; Ana Bel\u00e9n R\u00faa Lugo, Comisionada Ejecutiva del Sistema Estatal de Seguridad P\u00fablica y Ram\u00f3n Rafael Rodr\u00edguez Mendoza, Consejero Jur\u00eddico del Ejecutivo del Estado.<\/p>\n","protected":false},"excerpt":{"rendered":"<p>Derivado de la firma de los convenios, se crear\u00e1 la Unidad de Inteligencia Patrimonial y Econ\u00f3mica del Estado de Tlaxcala. El Gobernador Marco Mena y Santiago Nieto Castillo, titular de la Unidad de Inteligencia Financiera (UIF) de la Secretar\u00eda de Hacienda y Cr\u00e9dito P\u00fablico (SHCP), signaron convenios de colaboraci\u00f3n con el prop\u00f3sito de fortalecer el [&hellip;]<\/p>\n","protected":false},"author":3,"featured_media":0,"comment_status":"open","ping_status":"open","sticky":false,"template":"","format":"standard","meta":{"footnotes":""},"categories":[7],"tags":[],"class_list":["post-1821","post","type-post","status-publish","format-standard","hentry","category-ciudadanos"],"amp_enabled":true,"_links":{"self":[{"href":"https:\/\/labestiapolitica.com.mx\/index.php?rest_route=\/wp\/v2\/posts\/1821","targetHints":{"allow":["GET"]}}],"collection":[{"href":"https:\/\/labestiapolitica.com.mx\/index.php?rest_route=\/wp\/v2\/posts"}],"about":[{"href":"https:\/\/labestiapolitica.com.mx\/index.php?rest_route=\/wp\/v2\/types\/post"}],"author":[{"embeddable":true,"href":"https:\/\/labestiapolitica.com.mx\/index.php?rest_route=\/wp\/v2\/users\/3"}],"replies":[{"embeddable":true,"href":"https:\/\/labestiapolitica.com.mx\/index.php?rest_route=%2Fwp%2Fv2%2Fcomments&post=1821"}],"version-history":[{"count":2,"href":"https:\/\/labestiapolitica.com.mx\/index.php?rest_route=\/wp\/v2\/posts\/1821\/revisions"}],"predecessor-version":[{"id":1831,"href":"https:\/\/labestiapolitica.com.mx\/index.php?rest_route=\/wp\/v2\/posts\/1821\/revisions\/1831"}],"wp:attachment":[{"href":"https:\/\/labestiapolitica.com.mx\/index.php?rest_route=%2Fwp%2Fv2%2Fmedia&parent=1821"}],"wp:term":[{"taxonomy":"category","embeddable":true,"href":"https:\/\/labestiapolitica.com.mx\/index.php?rest_route=%2Fwp%2Fv2%2Fcategories&post=1821"},{"taxonomy":"post_tag","embeddable":true,"href":"https:\/\/labestiapolitica.com.mx\/index.php?rest_route=%2Fwp%2Fv2%2Ftags&post=1821"}],"curies":[{"name":"wp","href":"https:\/\/api.w.org\/{rel}","templated":true}]}}