{"id":1898,"date":"2020-10-06T01:18:01","date_gmt":"2020-10-06T01:18:01","guid":{"rendered":"https:\/\/labestiapolitica.com.mx\/?p=1898"},"modified":"2020-10-08T21:11:19","modified_gmt":"2020-10-08T21:11:19","slug":"dispuesto-pan-a-sacrificar-su-candidato-a-gobernador-por-mega-alianza-con-otros-partidos-en-tlaxcala","status":"publish","type":"post","link":"https:\/\/labestiapolitica.com.mx\/?p=1898","title":{"rendered":"Dispuesto PAN a sacrificar su candidato a gobernador por mega alianza con otros partidos en Tlaxcala"},"content":{"rendered":"<p style=\"font-weight: 400; text-align: justify;\">Edgar GARCIA\/ Tlaxcala\/ Pese a que primero anunci\u00f3 que el Partido Acci\u00f3n Nacional buscar\u00eda encabezar una posible alianza con el PRI y el PRD, el l\u00edder estatal del Partido Acci\u00f3n Nacional (PAN), Jos\u00e9 Gilberto Temoltzin Mart\u00ednez recul\u00f3 y abri\u00f3 la puerta para\u00a0 apoyar a un candidato emanado de otro partido a la gubernatura, de concretarse la alianza de cara a las elecciones de 2021 en Tlaxcala.<\/p>\n<p style=\"font-weight: 400; text-align: justify;\">En rueda de prensa este lunes, argument\u00f3 que el albiazul tiene al momento dos serios aspirantes como Juan Carlos S\u00e1nchez Garc\u00eda y la senadora, Minerva Hern\u00e1ndez Ramos, quienes est\u00e1n en el entendido en que, de ser necesario, deber\u00e1n anteponer intereses personales y de grupo por el bien de Tlaxcala y M\u00e9xico.<\/p>\n<blockquote class=\"wp-embedded-content\" data-secret=\"Bw7rYz9A7j\"><p><a href=\"https:\/\/labestiapolitica.com.mx\/?p=1824\">Cada partido debe elegir candidato a gobernador en Tlaxcala y el m\u00e1s popular encabezar alianza PRI-PAN-PRD<\/a><\/p><\/blockquote>\n<p><iframe loading=\"lazy\" class=\"wp-embedded-content\" sandbox=\"allow-scripts\" security=\"restricted\" style=\"position: absolute; visibility: hidden;\" title=\"\u00abCada partido debe elegir candidato a gobernador en Tlaxcala y el m\u00e1s popular encabezar alianza PRI-PAN-PRD\u00bb \u2014 La Bestia Pol&iacute;tica\" src=\"https:\/\/labestiapolitica.com.mx\/?p=1824&#038;embed=true#?secret=dQCTzWXuF8#?secret=Bw7rYz9A7j\" data-secret=\"Bw7rYz9A7j\" width=\"600\" height=\"338\" frameborder=\"0\" marginwidth=\"0\" marginheight=\"0\" scrolling=\"no\"><\/iframe><\/p>\n<p style=\"text-align: justify;\">Con ello, Temoltzin Mart\u00ednez dej\u00f3 fuera del contienda a la diputada federal Adriana D\u00e1vila Fern\u00e1ndez, pese a que en diversos estudios de opini\u00f3n encabeza las preferencias en Acci\u00f3n Nacional para ser candidata a gobernadora.<\/p>\n<blockquote class=\"wp-embedded-content\" data-secret=\"6JCXKtRDaZ\"><p><a href=\"https:\/\/labestiapolitica.com.mx\/?p=1892\">Designa PRD a  Cambr\u00f3n y Ses\u00edn para buscar mega alianza para gubernatura de Tlaxcala<\/a><\/p><\/blockquote>\n<p><iframe loading=\"lazy\" class=\"wp-embedded-content\" sandbox=\"allow-scripts\" security=\"restricted\" style=\"position: absolute; visibility: hidden;\" title=\"\u00abDesigna PRD a  Cambr\u00f3n y Ses\u00edn para buscar mega alianza para gubernatura de Tlaxcala\u00bb \u2014 La Bestia Pol&iacute;tica\" src=\"https:\/\/labestiapolitica.com.mx\/?p=1892&#038;embed=true#?secret=ku54L3AO3j#?secret=6JCXKtRDaZ\" data-secret=\"6JCXKtRDaZ\" width=\"600\" height=\"338\" frameborder=\"0\" marginwidth=\"0\" marginheight=\"0\" scrolling=\"no\"><\/iframe><\/p>\n<p style=\"font-weight: 400;\">\n","protected":false},"excerpt":{"rendered":"<p>Edgar GARCIA\/ Tlaxcala\/ Pese a que primero anunci\u00f3 que el Partido Acci\u00f3n Nacional buscar\u00eda encabezar una posible alianza con el PRI y el PRD, el l\u00edder estatal del Partido Acci\u00f3n Nacional (PAN), Jos\u00e9 Gilberto Temoltzin Mart\u00ednez recul\u00f3 y abri\u00f3 la puerta para\u00a0 apoyar a un candidato emanado de otro partido a la gubernatura, de concretarse [&hellip;]<\/p>\n","protected":false},"author":3,"featured_media":0,"comment_status":"open","ping_status":"open","sticky":false,"template":"","format":"standard","meta":{"footnotes":""},"categories":[12],"tags":[],"class_list":["post-1898","post","type-post","status-publish","format-standard","hentry","category-brujula-2026"],"amp_enabled":true,"_links":{"self":[{"href":"https:\/\/labestiapolitica.com.mx\/index.php?rest_route=\/wp\/v2\/posts\/1898","targetHints":{"allow":["GET"]}}],"collection":[{"href":"https:\/\/labestiapolitica.com.mx\/index.php?rest_route=\/wp\/v2\/posts"}],"about":[{"href":"https:\/\/labestiapolitica.com.mx\/index.php?rest_route=\/wp\/v2\/types\/post"}],"author":[{"embeddable":true,"href":"https:\/\/labestiapolitica.com.mx\/index.php?rest_route=\/wp\/v2\/users\/3"}],"replies":[{"embeddable":true,"href":"https:\/\/labestiapolitica.com.mx\/index.php?rest_route=%2Fwp%2Fv2%2Fcomments&post=1898"}],"version-history":[{"count":3,"href":"https:\/\/labestiapolitica.com.mx\/index.php?rest_route=\/wp\/v2\/posts\/1898\/revisions"}],"predecessor-version":[{"id":1903,"href":"https:\/\/labestiapolitica.com.mx\/index.php?rest_route=\/wp\/v2\/posts\/1898\/revisions\/1903"}],"wp:attachment":[{"href":"https:\/\/labestiapolitica.com.mx\/index.php?rest_route=%2Fwp%2Fv2%2Fmedia&parent=1898"}],"wp:term":[{"taxonomy":"category","embeddable":true,"href":"https:\/\/labestiapolitica.com.mx\/index.php?rest_route=%2Fwp%2Fv2%2Fcategories&post=1898"},{"taxonomy":"post_tag","embeddable":true,"href":"https:\/\/labestiapolitica.com.mx\/index.php?rest_route=%2Fwp%2Fv2%2Ftags&post=1898"}],"curies":[{"name":"wp","href":"https:\/\/api.w.org\/{rel}","templated":true}]}}