{"id":1914,"date":"2020-10-06T20:29:20","date_gmt":"2020-10-06T20:29:20","guid":{"rendered":"https:\/\/labestiapolitica.com.mx\/?p=1914"},"modified":"2020-10-08T21:10:46","modified_gmt":"2020-10-08T21:10:46","slug":"gil-silva-toma-protesta-como-dirigente-del-cm-del-pri-en-tlaxcala","status":"publish","type":"post","link":"https:\/\/labestiapolitica.com.mx\/?p=1914","title":{"rendered":"Gil Silva toma protesta como dirigente del CM del PRI en Tlaxcala"},"content":{"rendered":"<p style=\"text-align: justify;\">En un ambiente de unidad y fiesta partidista, el pasado fin de semana tom\u00f3 protesta el nuevo Comit\u00e9 Municipal (CM) del Partido Revolucionario Institucional (PRI) de la capital tlaxcalteca.<\/p>\n<p style=\"text-align: justify;\">Con la presencia de la primera pri\u00edsta de la capital, Anabell \u00c1valos Zempoalteca; el Dirigente estatal, No\u00e9 Rodr\u00edguez Roldan, as\u00ed como de la delegada nacional del CEN, Yolanda Eugenia Gonz\u00e1lez Hern\u00e1ndez; Gilberto Silva Flores tom\u00f3 protesta como nuevo dirigente municipal.<\/p>\n<p style=\"text-align: justify;\">En el acto, Gil Silva destac\u00f3 que esta nueva dirigencia servir\u00e1 para reforzar y renovar los trabajos partidistas rumbo al 2021, donde lo m\u00e1s importante es refrendar en unidad el gobierno del estado, la capital y los principales municipios, as\u00ed como la mayor\u00eda de los distritos federales y locales. \ufffc<\/p>\n<p style=\"text-align: justify;\">\u201cTodos son importantes en el PRI de la capital, pues para la elecci\u00f3n que viene el pr\u00f3ximo a\u00f1o existe espacio y participaci\u00f3n activa de todos los grupos y cuadros para que juntos en cohesi\u00f3n y armon\u00eda construyamos desde hoy la victoria del 2021\u201d.<\/p>\n<p style=\"text-align: justify;\">El Comit\u00e9 Municipal del PRI qued\u00f3 conformado por: Gilberto Silva Flores como Presidente del comit\u00e9; Aurora V\u00e1squez Arenillas c\u00f3mo Secretaria General; Israel Hern\u00e1ndez Garc\u00eda en la Secretar\u00eda de Organizaci\u00f3n.<\/p>\n<p style=\"text-align: justify;\">Adem\u00e1s de Arturo Bravo Esquivel c\u00f3mo Secretario de Acci\u00f3n Electoral; Sonny Lima Salgado en la Secretar\u00eda de Finanzas y Administraci\u00f3n; Jos\u00e9 Antonio Valencia S\u00e1nchez c\u00f3mo Secretario de gesti\u00f3n social y Josefina L\u00f3pez Cort\u00e9s en la Secretar\u00eda de operaci\u00f3n Politica.<\/p>\n<p style=\"text-align: justify;\">Tambi\u00e9n se incorpor\u00f3 Valeria Cisneros S\u00e1nchez en la Secretar\u00eda de Vinculaci\u00f3n con la sociedad civil y Jorge Velazco Ortega en la Secretaria jur\u00eddica.<\/p>\n","protected":false},"excerpt":{"rendered":"<p>En un ambiente de unidad y fiesta partidista, el pasado fin de semana tom\u00f3 protesta el nuevo Comit\u00e9 Municipal (CM) del Partido Revolucionario Institucional (PRI) de la capital tlaxcalteca. Con la presencia de la primera pri\u00edsta de la capital, Anabell \u00c1valos Zempoalteca; el Dirigente estatal, No\u00e9 Rodr\u00edguez Roldan, as\u00ed como de la delegada nacional del [&hellip;]<\/p>\n","protected":false},"author":3,"featured_media":0,"comment_status":"open","ping_status":"open","sticky":false,"template":"","format":"standard","meta":{"footnotes":""},"categories":[12],"tags":[],"class_list":["post-1914","post","type-post","status-publish","format-standard","hentry","category-brujula-2026"],"amp_enabled":true,"_links":{"self":[{"href":"https:\/\/labestiapolitica.com.mx\/index.php?rest_route=\/wp\/v2\/posts\/1914","targetHints":{"allow":["GET"]}}],"collection":[{"href":"https:\/\/labestiapolitica.com.mx\/index.php?rest_route=\/wp\/v2\/posts"}],"about":[{"href":"https:\/\/labestiapolitica.com.mx\/index.php?rest_route=\/wp\/v2\/types\/post"}],"author":[{"embeddable":true,"href":"https:\/\/labestiapolitica.com.mx\/index.php?rest_route=\/wp\/v2\/users\/3"}],"replies":[{"embeddable":true,"href":"https:\/\/labestiapolitica.com.mx\/index.php?rest_route=%2Fwp%2Fv2%2Fcomments&post=1914"}],"version-history":[{"count":1,"href":"https:\/\/labestiapolitica.com.mx\/index.php?rest_route=\/wp\/v2\/posts\/1914\/revisions"}],"predecessor-version":[{"id":1916,"href":"https:\/\/labestiapolitica.com.mx\/index.php?rest_route=\/wp\/v2\/posts\/1914\/revisions\/1916"}],"wp:attachment":[{"href":"https:\/\/labestiapolitica.com.mx\/index.php?rest_route=%2Fwp%2Fv2%2Fmedia&parent=1914"}],"wp:term":[{"taxonomy":"category","embeddable":true,"href":"https:\/\/labestiapolitica.com.mx\/index.php?rest_route=%2Fwp%2Fv2%2Fcategories&post=1914"},{"taxonomy":"post_tag","embeddable":true,"href":"https:\/\/labestiapolitica.com.mx\/index.php?rest_route=%2Fwp%2Fv2%2Ftags&post=1914"}],"curies":[{"name":"wp","href":"https:\/\/api.w.org\/{rel}","templated":true}]}}