{"id":2046,"date":"2020-10-12T21:07:05","date_gmt":"2020-10-12T21:07:05","guid":{"rendered":"https:\/\/labestiapolitica.com.mx\/?p=2046"},"modified":"2020-10-14T16:23:34","modified_gmt":"2020-10-14T16:23:34","slug":"2046","status":"publish","type":"post","link":"https:\/\/labestiapolitica.com.mx\/?p=2046","title":{"rendered":"La personalidad de los que aspiran a gobernar Tlaxcala: Hoy: Lorena Cuellar en el Div\u00e1n"},"content":{"rendered":"<p style=\"text-align: justify;\"><em>\u201cLa filosof\u00eda personal no se expresa mejor en las palabras; se expresa en las elecciones que uno hace&#8230; las decisiones que tomamos son, en \u00faltima instancia, responsabilidad nuestra\u201d. \u2013Eleanor Roosevelt, ex Primera Dama de Estados Unidos.<\/em><\/p>\n<p style=\"text-align: justify;\">Este espacio est\u00e1 dedicado a un breve an\u00e1lisis sociol\u00f3gico y psicol\u00f3gico de los pol\u00edticos del gran estado de Tlaxcala. Que piensan, que comunican con su lenguaje corporal, que nos dice su discurso, que los ha llevado a estar en este mundo pol\u00edtico, cabe aclarar que este espacio solo es un punto de opini\u00f3n.<\/p>\n<p style=\"text-align: justify;\">En esta ocasi\u00f3n en <em>el div\u00e1n de la pol\u00edtica,<\/em> analiz\u00e1remos a una mujer que ha vivido inmersa en la pol\u00edtica desde siempre, sus abuelos paterno y materno fueron gobernadores de Tlaxcala, ella es Lorena Cuellar Cisneros con una trayectoria pol\u00edtica de muchos a\u00f1os, es una mujer que se describe as\u00ed misma como una persona amable, \u00edntegra, comprometida, centrada en el activismo social, defensora de los derechos humanos, as\u00ed como una fiel servidora de los m\u00e1s vulnerables.<\/p>\n<p style=\"text-align: justify;\">\u00bfPero que hay m\u00e1s all\u00e1 de la mujer emp\u00e1tica y amable que muestra ser?<\/p>\n<ul style=\"text-align: justify;\">\n<li>Primero, hablaremos de la personalidad, que es uno de los elementos importantes que componen a un pol\u00edtico: en este sentido Lorena, se observa de personalidad, inteligente, apasionada, perfeccionista, competitiva, sociable, din\u00e1mica, extremista, de una ideolog\u00eda dual ya que por un lado es conservadora y tradicionalista como parte de su formaci\u00f3n pol\u00edtica de anta\u00f1\u00f3n, pero por otro lado se muestra libre y so\u00f1adora.<\/li>\n<\/ul>\n<ul style=\"text-align: justify;\">\n<li>No olvidemos que en la pol\u00edtica el liderazgo es importante, pues su objetivo es persuadir a la audiencia por medio de la creaci\u00f3n de v\u00ednculos ideol\u00f3gicos, culturales y sociales. Lorena es un l\u00edder simpatizante este tipo de l\u00edderes pol\u00edticos son \u201caquellas personas elegidas por la ciudadan\u00eda para actuar como sus representantes y tomar decisiones beneficiosas para el funcionamiento de la sociedad en temas como salud, educaci\u00f3n, seguridad, calidad de vida, legislaci\u00f3n, medioambiente y econom\u00eda\u201d, los objetivos que se plantean estos l\u00edderes a corto plazo son muy claros y eficientes, pero cuando algo a lo que le han puesto mucho empe\u00f1o, no sale como esperan suele frustrarse y quienes reciben las consecuencias de estos actos son las personas que tienen m\u00e1s cerca.<\/li>\n<\/ul>\n<ul style=\"text-align: justify;\">\n<li>El an\u00e1lisis del discurso es un c\u00f3digo psico-linguistico, que nos permite conocer a las personas a trav\u00e9s de sus palabras. Lorena es buena oradora pol\u00edtica, sabe manejar sus estrategias para ser escuchada, muestra seguridad en su discurso siempre y cuando no este demasiado estructurado pues se nota m\u00e1s relajada cuando su discurso es espontaneo, utiliza palabras emotivas que sirven para empatizar con su audiencia, es directa, pero si se apasiona de m\u00e1s, pierde el control de sus palabras.<\/li>\n<\/ul>\n<ul style=\"text-align: justify;\">\n<li>El lenguaje corporal es todo lo que se comunica de manera kinest\u00e9sica. En Lorena hay apertura y seguridad personal, su mirada denota que si es honesta en el reconocimiento de sus virtudes, cuando verbaliza sus ideas la mirada hacia al frente muestra su seguridad.<\/li>\n<\/ul>\n<ul style=\"text-align: justify;\">\n<li>Por \u00faltimo, la forma de vestir es la imagen que se proyecta a los dem\u00e1s y es una manera de conectar con la gente. En este sentido Lorena utiliza colores m\u00e1s vivos que resaltan la personalidad emp\u00e1tica y jovial que le gusta proyectar, cuida los detalles como parte de su perfeccionismo y responsabilidad.<\/li>\n<\/ul>\n<p style=\"text-align: justify;\">Bernard Crick menciona que un pol\u00edtico virtuoso, es aquel o aquella que logra identificar las necesidades espec\u00edficas de una poblaci\u00f3n y construye una alianza espec\u00edfica para conciliar los intereses en pugna al interior de una comunidad pol\u00edtica en un momento hist\u00f3rico particular para satisfacer las necesidades colectivas. Dicho lo anterior Lorena Cuellar de acuerdo a su historia de vida parece ser que tienen muy bien estudiado este camino en la pol\u00edtica.<\/p>\n<p style=\"text-align: justify;\">El enfoque de esta columna muestra la esencia de los actores pol\u00edticos, para ayudar a comprender la naturaleza de la persona y su formaci\u00f3n como l\u00edder pol\u00edtico, cada lector generara sus cuestionamientos personales sobre el personaje analizado.<\/p>\n<p style=\"text-align: justify;\">La perspectiva es m\u00eda, pero la elecci\u00f3n es tuya, \u201cyo solo pongo la cita en el div\u00e1n de la pol\u00edtica.\u201d<\/p>\n<p><img loading=\"lazy\" decoding=\"async\" class=\"alignnone wp-image-628 size-full\" src=\"https:\/\/labestiapolitica.com.mx\/wp-content\/uploads\/2020\/06\/lorenaAmlo.jpg\" alt=\"\" width=\"600\" height=\"375\" \/><\/p>\n","protected":false},"excerpt":{"rendered":"<p>\u201cLa filosof\u00eda personal no se expresa mejor en las palabras; se expresa en las elecciones que uno hace&#8230; las decisiones que tomamos son, en \u00faltima instancia, responsabilidad nuestra\u201d. \u2013Eleanor Roosevelt, ex Primera Dama de Estados Unidos. Este espacio est\u00e1 dedicado a un breve an\u00e1lisis sociol\u00f3gico y psicol\u00f3gico de los pol\u00edticos del gran estado de Tlaxcala. [&hellip;]<\/p>\n","protected":false},"author":3,"featured_media":0,"comment_status":"open","ping_status":"open","sticky":false,"template":"","format":"standard","meta":{"footnotes":""},"categories":[12],"tags":[],"class_list":["post-2046","post","type-post","status-publish","format-standard","hentry","category-brujula-2026"],"amp_enabled":true,"_links":{"self":[{"href":"https:\/\/labestiapolitica.com.mx\/index.php?rest_route=\/wp\/v2\/posts\/2046","targetHints":{"allow":["GET"]}}],"collection":[{"href":"https:\/\/labestiapolitica.com.mx\/index.php?rest_route=\/wp\/v2\/posts"}],"about":[{"href":"https:\/\/labestiapolitica.com.mx\/index.php?rest_route=\/wp\/v2\/types\/post"}],"author":[{"embeddable":true,"href":"https:\/\/labestiapolitica.com.mx\/index.php?rest_route=\/wp\/v2\/users\/3"}],"replies":[{"embeddable":true,"href":"https:\/\/labestiapolitica.com.mx\/index.php?rest_route=%2Fwp%2Fv2%2Fcomments&post=2046"}],"version-history":[{"count":3,"href":"https:\/\/labestiapolitica.com.mx\/index.php?rest_route=\/wp\/v2\/posts\/2046\/revisions"}],"predecessor-version":[{"id":2051,"href":"https:\/\/labestiapolitica.com.mx\/index.php?rest_route=\/wp\/v2\/posts\/2046\/revisions\/2051"}],"wp:attachment":[{"href":"https:\/\/labestiapolitica.com.mx\/index.php?rest_route=%2Fwp%2Fv2%2Fmedia&parent=2046"}],"wp:term":[{"taxonomy":"category","embeddable":true,"href":"https:\/\/labestiapolitica.com.mx\/index.php?rest_route=%2Fwp%2Fv2%2Fcategories&post=2046"},{"taxonomy":"post_tag","embeddable":true,"href":"https:\/\/labestiapolitica.com.mx\/index.php?rest_route=%2Fwp%2Fv2%2Ftags&post=2046"}],"curies":[{"name":"wp","href":"https:\/\/api.w.org\/{rel}","templated":true}]}}