{"id":2081,"date":"2020-10-13T18:55:28","date_gmt":"2020-10-13T18:55:28","guid":{"rendered":"https:\/\/labestiapolitica.com.mx\/?p=2081"},"modified":"2021-07-13T02:43:48","modified_gmt":"2021-07-13T02:43:48","slug":"rutatlaxcala2021-se-va-efrain-flores-de-la-cge-lo-perfilan-para-la-candidatura-a-alcalde-de-chiatempan","status":"publish","type":"post","link":"https:\/\/labestiapolitica.com.mx\/?p=2081","title":{"rendered":"Se va Efra\u00edn Flores de la CGE, lo perfilan para candidatura a alcalde de Chiautempan"},"content":{"rendered":"<p style=\"text-align: justify;\">Edgar GARCIA\/ Tlaxcala\/ Este martes se\u00a0 concret\u00f3 la salida de Efra\u00edn Flores Hern\u00e1ndez de la Coordinaci\u00f3n General de Ecolog\u00eda (CGE), con lo que se da la primera salida de un\u00a0 funcionario de primer nivel del gobierno de Marco Antonio Mena Rodr\u00edguez. En su lugar fue designado David Guerrero Tapia.<\/p>\n<p style=\"text-align: justify;\">Flores Hern\u00e1ndez es mencionado como posible aspirante a candidatura del Partido Verde Ecologista a la alcald\u00eda de Chiautempan, lugar donde reside y es originario.<\/p>\n<p style=\"text-align: justify;\">Con ello, este partido tendr\u00eda una carta fuerte para disputar ese municipio gobernado actualmente por el Revolucionario Institucional con H\u00e9ctor Dom\u00ednguez Rugerio.<\/p>\n<p>Tampoco se descarta que el ex titular de Ecolog\u00eda sea candidato a gobernador por el PVEM, en caso que este instituto no concrete una alianza y decida ir solo en la elecci\u00f3n del 2021.<\/p>\n<p>&nbsp;<\/p>\n<p style=\"font-weight: 400; text-align: justify;\"><strong>MARCO MENA NOMBRA A DAVID GUERRERO TAPIA COMO COORDINADOR GENERAL DE ECOLOG\u00cdA<\/strong><\/p>\n<p style=\"font-weight: 400; text-align: justify;\"><strong>\u00a0<\/strong>El Gobernador del Estado, Marco Mena, nombr\u00f3 a David Guerrero Tapia como Coordinador General de Ecolog\u00eda.<\/p>\n<p style=\"font-weight: 400; text-align: justify;\">David Guerrero es Licenciado en Relaciones Internacionales por la Universidad de las Am\u00e9ricas Puebla.<\/p>\n<p style=\"font-weight: 400; text-align: justify;\">Cuenta con experiencia laboral como Delegado Federal en Tlaxcala de la Secretar\u00eda de Relaciones Exteriores y como Subdirector de \u00c1rea de la misma dependencia.<\/p>\n<p style=\"font-weight: 400; text-align: justify;\">En las instalaciones de la Coordinaci\u00f3n General de Ecolog\u00eda (CGE), Jos\u00e9 Aar\u00f3n P\u00e9rez Carro, Secretario de Gobierno, present\u00f3 al nuevo Coordinador con el personal y posteriormente se realiz\u00f3 la entrega recepci\u00f3n por parte de las autoridades estatales.<\/p>\n<p style=\"font-weight: 400; text-align: justify;\">En su oportunidad, David Guerrero se comprometi\u00f3 a sumar esfuerzos con responsabilidad y honradez, al tiempo de se\u00f1alar que los trabajos al interior de la dependencia se llevar\u00e1n a cabo con apego a principios de transparencia y rectitud.<\/p>\n<p style=\"font-weight: 400; text-align: justify;\">El Ejecutivo del Estado realiz\u00f3 este nombramiento con base en las facultades legales que le confieren el Art\u00edculo 128 de la Constituci\u00f3n Pol\u00edtica de los Estados Unidos Mexicanos, 70 fracci\u00f3n XIII y 116 de la Constituci\u00f3n Pol\u00edtica del Estado Libre y Soberano de Tlaxcala.<\/p>\n<p style=\"font-weight: 400; text-align: justify;\">Al evento asistieron Maricela Escobar S\u00e1nchez, Contralora del Ejecutivo; Mar\u00eda Isabel Delfina Maldonado Textle, Auditora Superior del \u00d3rgano de Fiscalizaci\u00f3n Superior (OFS); Luis Miguel \u00c1lvarez Landa, Oficial Mayor de Gobierno (OMG); as\u00ed como directivos de la Coordinaci\u00f3n General de Ecolog\u00eda.<\/p>\n<p>&nbsp;<\/p>\n","protected":false},"excerpt":{"rendered":"<p>Edgar GARCIA\/ Tlaxcala\/ Este martes se\u00a0 concret\u00f3 la salida de Efra\u00edn Flores Hern\u00e1ndez de la Coordinaci\u00f3n General de Ecolog\u00eda (CGE), con lo que se da la primera salida de un\u00a0 funcionario de primer nivel del gobierno de Marco Antonio Mena Rodr\u00edguez. En su lugar fue designado David Guerrero Tapia. Flores Hern\u00e1ndez es mencionado como posible [&hellip;]<\/p>\n","protected":false},"author":3,"featured_media":0,"comment_status":"open","ping_status":"open","sticky":false,"template":"","format":"standard","meta":{"footnotes":""},"categories":[12],"tags":[],"class_list":["post-2081","post","type-post","status-publish","format-standard","hentry","category-brujula-2026"],"amp_enabled":true,"_links":{"self":[{"href":"https:\/\/labestiapolitica.com.mx\/index.php?rest_route=\/wp\/v2\/posts\/2081","targetHints":{"allow":["GET"]}}],"collection":[{"href":"https:\/\/labestiapolitica.com.mx\/index.php?rest_route=\/wp\/v2\/posts"}],"about":[{"href":"https:\/\/labestiapolitica.com.mx\/index.php?rest_route=\/wp\/v2\/types\/post"}],"author":[{"embeddable":true,"href":"https:\/\/labestiapolitica.com.mx\/index.php?rest_route=\/wp\/v2\/users\/3"}],"replies":[{"embeddable":true,"href":"https:\/\/labestiapolitica.com.mx\/index.php?rest_route=%2Fwp%2Fv2%2Fcomments&post=2081"}],"version-history":[{"count":5,"href":"https:\/\/labestiapolitica.com.mx\/index.php?rest_route=\/wp\/v2\/posts\/2081\/revisions"}],"predecessor-version":[{"id":2087,"href":"https:\/\/labestiapolitica.com.mx\/index.php?rest_route=\/wp\/v2\/posts\/2081\/revisions\/2087"}],"wp:attachment":[{"href":"https:\/\/labestiapolitica.com.mx\/index.php?rest_route=%2Fwp%2Fv2%2Fmedia&parent=2081"}],"wp:term":[{"taxonomy":"category","embeddable":true,"href":"https:\/\/labestiapolitica.com.mx\/index.php?rest_route=%2Fwp%2Fv2%2Fcategories&post=2081"},{"taxonomy":"post_tag","embeddable":true,"href":"https:\/\/labestiapolitica.com.mx\/index.php?rest_route=%2Fwp%2Fv2%2Ftags&post=2081"}],"curies":[{"name":"wp","href":"https:\/\/api.w.org\/{rel}","templated":true}]}}