{"id":2088,"date":"2020-10-13T22:37:33","date_gmt":"2020-10-13T22:37:33","guid":{"rendered":"https:\/\/labestiapolitica.com.mx\/?p=2088"},"modified":"2020-10-13T22:43:31","modified_gmt":"2020-10-13T22:43:31","slug":"caen-dos-policias-estatales-por-robo-y-secuestro-expres-en-tlaxcala","status":"publish","type":"post","link":"https:\/\/labestiapolitica.com.mx\/?p=2088","title":{"rendered":"Caen dos polic\u00edas estatales por robo y secuestro expr\u00e9s en Tlaxcala"},"content":{"rendered":"<div class=\"content-body clearfix \">\n<div id=\"content-body-225-5883328\"><\/div>\n<\/div>\n<div class=\"advertisment \">\n<div id=\"dfp-nota-1x1s\" data-google-query-id=\"CNXv8cTMsuwCFRBlAQoduDkJAg\">\n<p style=\"text-align: justify;\">Fabian HERN\u00c1NDEZ\/ Tlaxcala\/ En un golpe a la delincuencia que lastima la imagen de las corporaciones oficiales de seguridad, este martes fueron capturados por la Fiscal\u00eda General de la Rep\u00fablica (FGR), dos polic\u00edas en activo adscritos a la Secretar\u00eda de Seguridad Ciudadana (SSC),\u00a0 al contar con una orden de aprehensi\u00f3n por los delitos de robo agravado y secuestro expr\u00e9s. Tambi\u00e9n fue detenido un civil.<\/p>\n<p style=\"text-align: justify;\">\n<p style=\"text-align: justify;\">Por su parte, la respuesta del gobierno del Estado a trav\u00e9s de la SSC fue que particip\u00f3 con la FGR\u00a0 en la investigaci\u00f3n que deriv\u00f3 en la cumplimentaci\u00f3n de las \u00f3rdenes de aprensi\u00f3n de Andr\u00e9s N., y Alfredo N., por su presunta participaci\u00f3n por el delito de robo agravado de veh\u00edculo automotor y mercanc\u00eda del Servicio P\u00fablico Federal y secuestro expr\u00e9s.<\/p>\n<p style=\"text-align: justify;\">\n<p style=\"text-align: justify;\">\n<p style=\"text-align: justify;\">Cabe se\u00f1alar que Andr\u00e9s N. y Alfredo N. eran elementos activos de la Secretar\u00eda de Seguridad Ciudadana, a quienes se les presume inocentes en tanto se determine su responsabilidad en el delito se\u00f1alado, dice la dependencia estatal.<\/p>\n<p style=\"text-align: justify;\">\n<p style=\"text-align: justify;\">\n<p style=\"text-align: justify;\">De acuerdo al trabajo conjunto de una investigaci\u00f3n preliminar y mediante el intercambio de informaci\u00f3n y colaboraci\u00f3n, elementos de la Guardia Nacional cumplimentaron las \u00f3rdenes de aprensi\u00f3n en contra de Andr\u00e9s N. y Alfredo N, en el municipio de Apizaco, los cuales fueron puestos a disposici\u00f3n del Ministerio P\u00fablico de la Federaci\u00f3n, a fin de continuar con la integraci\u00f3n de la carpeta de investigaci\u00f3n.<\/p>\n<p style=\"text-align: justify;\">\n<p style=\"text-align: justify;\">\n<p style=\"text-align: justify;\">De esta manera, la SSC mantendr\u00e1 puntual atenci\u00f3n y colaboraci\u00f3n con la Fiscal\u00eda General de la Rep\u00fablica, con el objetivo de esclarecer los hechos y hacer valer la ley en contra de los presuntos responsables.<\/p>\n<p style=\"text-align: justify;\">\n<p style=\"text-align: justify;\">\n<p style=\"text-align: justify;\">La SSC reiter\u00f3\u00a0 su compromiso con la ciudadan\u00eda de supervisar las labores de todo el personal e identificar y realizar las acciones que procedan en contra de todos aquellos que se aparten de los objetivos institucionales, cita el comunicado oficial.<\/p>\n<p style=\"text-align: justify;\">\n<p style=\"text-align: justify;\">La FGR detall\u00f3 que\u00a0 en coordinaci\u00f3n con la Guardia Nacional Divisi\u00f3n de Inteligencia, cumpliment\u00f3 \u00f3rdenes de aprehensi\u00f3n contra tres personas por el delito de robo agravado de veh\u00edculo automotor y mercanc\u00eda del Servicio P\u00fablico Federal, y por Secuestro Expr\u00e9s.<\/p>\n<p style=\"text-align: justify;\">\n<p style=\"text-align: justify;\">De acuerdo con la carpeta de investigaci\u00f3n, el chofer de una unidad vehicular que transportaba jab\u00f3n sobre la carretera federal M\u00e9xico-Veracruz, fue atacado por hombres armados quienes lo despojaron del veh\u00edculo. Por lo anterior, acudi\u00f3 a la FGR para realizar la denuncia correspondiente.<\/p>\n<p style=\"text-align: justify;\">\n<p style=\"text-align: justify;\">\u00a0Resultado de las investigaciones llevadas a cabo por el Ministerio P\u00fablico Federal (MPF) y el intercambio de informaci\u00f3n con la Guardia Nacional y la Secretaria de Seguridad Ciudadana del Gobierno del Estado, se logr\u00f3 la obtenci\u00f3n de tres \u00f3rdenes de aprehensi\u00f3n contra Andr\u00e9s \u201cN\u201d, Alfredo \u201cN\u201d y Pedro \u201cN\u201d.<\/p>\n<\/div>\n<\/div>\n<article class=\"content-continued-body clearfix \">\n<div id=\"content-body-5851641-5883328\">\n<p style=\"text-align: justify;\">\n<\/div>\n<\/article>\n","protected":false},"excerpt":{"rendered":"<p>Fabian HERN\u00c1NDEZ\/ Tlaxcala\/ En un golpe a la delincuencia que lastima la imagen de las corporaciones oficiales de seguridad, este martes fueron capturados por la Fiscal\u00eda General de la Rep\u00fablica (FGR), dos polic\u00edas en activo adscritos a la Secretar\u00eda de Seguridad Ciudadana (SSC),\u00a0 al contar con una orden de aprehensi\u00f3n por los delitos de robo [&hellip;]<\/p>\n","protected":false},"author":3,"featured_media":0,"comment_status":"open","ping_status":"open","sticky":false,"template":"","format":"standard","meta":{"footnotes":""},"categories":[7],"tags":[],"class_list":["post-2088","post","type-post","status-publish","format-standard","hentry","category-ciudadanos"],"amp_enabled":true,"_links":{"self":[{"href":"https:\/\/labestiapolitica.com.mx\/index.php?rest_route=\/wp\/v2\/posts\/2088","targetHints":{"allow":["GET"]}}],"collection":[{"href":"https:\/\/labestiapolitica.com.mx\/index.php?rest_route=\/wp\/v2\/posts"}],"about":[{"href":"https:\/\/labestiapolitica.com.mx\/index.php?rest_route=\/wp\/v2\/types\/post"}],"author":[{"embeddable":true,"href":"https:\/\/labestiapolitica.com.mx\/index.php?rest_route=\/wp\/v2\/users\/3"}],"replies":[{"embeddable":true,"href":"https:\/\/labestiapolitica.com.mx\/index.php?rest_route=%2Fwp%2Fv2%2Fcomments&post=2088"}],"version-history":[{"count":4,"href":"https:\/\/labestiapolitica.com.mx\/index.php?rest_route=\/wp\/v2\/posts\/2088\/revisions"}],"predecessor-version":[{"id":2093,"href":"https:\/\/labestiapolitica.com.mx\/index.php?rest_route=\/wp\/v2\/posts\/2088\/revisions\/2093"}],"wp:attachment":[{"href":"https:\/\/labestiapolitica.com.mx\/index.php?rest_route=%2Fwp%2Fv2%2Fmedia&parent=2088"}],"wp:term":[{"taxonomy":"category","embeddable":true,"href":"https:\/\/labestiapolitica.com.mx\/index.php?rest_route=%2Fwp%2Fv2%2Fcategories&post=2088"},{"taxonomy":"post_tag","embeddable":true,"href":"https:\/\/labestiapolitica.com.mx\/index.php?rest_route=%2Fwp%2Fv2%2Ftags&post=2088"}],"curies":[{"name":"wp","href":"https:\/\/api.w.org\/{rel}","templated":true}]}}