{"id":20892,"date":"2023-09-11T14:09:11","date_gmt":"2023-09-11T20:09:11","guid":{"rendered":"https:\/\/labestiapolitica.com.mx\/?p=20892"},"modified":"2023-09-11T14:09:11","modified_gmt":"2023-09-11T20:09:11","slug":"inicia-en-apizaco-una-nueva-era-de-participacion-ciudadana","status":"publish","type":"post","link":"https:\/\/labestiapolitica.com.mx\/?p=20892","title":{"rendered":"\u00a1Inicia en Apizaco una Nueva Era de Participaci\u00f3n Ciudadana!"},"content":{"rendered":"<p style=\"text-align: justify;\">\n<p style=\"text-align: justify;\">En un emocionante y trascendental evento que reuni\u00f3 a ciudadanos de las 7 comunidades de Apizaco, el partido pol\u00edtico Movimiento Ciudadano dio inicio a los trabajos de nombramiento de su estructura municipal y a los di\u00e1logos por la ciudad en el marco del ejercicio \u00abMOVIMIENTO ESCUCHA\u00bb.<\/p>\n<p style=\"text-align: justify;\">Movimiento Ciudadano, una fuerza pol\u00edtica que ha demostrado su compromiso con la participaci\u00f3n activa de la ciudadan\u00eda, se ha propuesto dar un paso gigante hacia el cambio y la renovaci\u00f3n en Apizaco, Tlaxcala.<\/p>\n<p style=\"text-align: justify;\">En este evento tan esperado, estuvieron presentes destacadas autoridades de la Coordinaci\u00f3n Nacional de Movimiento Ciudadano, entre ellas el Diputado Federal Braulio L\u00f3pez, la Vicepresidenta de J\u00f3venes en Movimiento, Luz Camila Guerra, y la Delegada Nacional de M\u00e9xico con Valores, Er\u00e9ndira Jim\u00e9nez quienes respaldaron los trabajos de Javier Torres en el municipio. Su presencia enfatiz\u00f3 la importancia de este acontecimiento para este ejercicio que se est\u00e1 realizando en todo el pa\u00eds.<\/p>\n<p style=\"text-align: justify;\">Uno de los momentos m\u00e1s destacados fue el nombramiento de la Coordinaci\u00f3n Municipal de la Fundaci\u00f3n M\u00e9xico con Valores, que estar\u00e1 a cargo de Rosa Elena Salado. Rosa Elena llevar\u00e1 adelante la noble tarea de reconocer y valorar la labor ciudadana en el municipio de Apizaco, un paso fundamental hacia una comunidad m\u00e1s inclusiva y participativa.<\/p>\n<p style=\"text-align: justify;\">Este evento marca el inicio de una nueva era en Apizaco, donde el poder y la voz de los ciudadanos ser\u00e1n fundamentales para construir un futuro mejor. Los di\u00e1logos por la ciudad de \u00abMOVIMIENTO ESCUCHA\u00bb prometen ser el espacio donde las ideas, preocupaciones y sue\u00f1os de la gente se transformen en acciones concretas.<\/p>\n<p style=\"text-align: justify;\">Apizaco se prepara para un cambio significativo, y Movimiento Ciudadano est\u00e1 liderando el camino. La participaci\u00f3n de la ciudadan\u00eda es la clave, y el entusiasmo y la esperanza son palpables. \u00a1Que comience la\u00a0transformaci\u00f3n!<\/p>\n","protected":false},"excerpt":{"rendered":"<p>En un emocionante y trascendental evento que reuni\u00f3 a ciudadanos de las 7 comunidades de Apizaco, el partido pol\u00edtico Movimiento Ciudadano dio inicio a los trabajos de nombramiento de su estructura municipal y a los di\u00e1logos por la ciudad en el marco del ejercicio \u00abMOVIMIENTO ESCUCHA\u00bb. Movimiento Ciudadano, una fuerza pol\u00edtica que ha demostrado su [&hellip;]<\/p>\n","protected":false},"author":3,"featured_media":20893,"comment_status":"open","ping_status":"open","sticky":false,"template":"","format":"standard","meta":{"footnotes":""},"categories":[7],"tags":[],"class_list":["post-20892","post","type-post","status-publish","format-standard","has-post-thumbnail","hentry","category-ciudadanos"],"amp_enabled":true,"_links":{"self":[{"href":"https:\/\/labestiapolitica.com.mx\/index.php?rest_route=\/wp\/v2\/posts\/20892","targetHints":{"allow":["GET"]}}],"collection":[{"href":"https:\/\/labestiapolitica.com.mx\/index.php?rest_route=\/wp\/v2\/posts"}],"about":[{"href":"https:\/\/labestiapolitica.com.mx\/index.php?rest_route=\/wp\/v2\/types\/post"}],"author":[{"embeddable":true,"href":"https:\/\/labestiapolitica.com.mx\/index.php?rest_route=\/wp\/v2\/users\/3"}],"replies":[{"embeddable":true,"href":"https:\/\/labestiapolitica.com.mx\/index.php?rest_route=%2Fwp%2Fv2%2Fcomments&post=20892"}],"version-history":[{"count":1,"href":"https:\/\/labestiapolitica.com.mx\/index.php?rest_route=\/wp\/v2\/posts\/20892\/revisions"}],"predecessor-version":[{"id":20894,"href":"https:\/\/labestiapolitica.com.mx\/index.php?rest_route=\/wp\/v2\/posts\/20892\/revisions\/20894"}],"wp:featuredmedia":[{"embeddable":true,"href":"https:\/\/labestiapolitica.com.mx\/index.php?rest_route=\/wp\/v2\/media\/20893"}],"wp:attachment":[{"href":"https:\/\/labestiapolitica.com.mx\/index.php?rest_route=%2Fwp%2Fv2%2Fmedia&parent=20892"}],"wp:term":[{"taxonomy":"category","embeddable":true,"href":"https:\/\/labestiapolitica.com.mx\/index.php?rest_route=%2Fwp%2Fv2%2Fcategories&post=20892"},{"taxonomy":"post_tag","embeddable":true,"href":"https:\/\/labestiapolitica.com.mx\/index.php?rest_route=%2Fwp%2Fv2%2Ftags&post=20892"}],"curies":[{"name":"wp","href":"https:\/\/api.w.org\/{rel}","templated":true}]}}