{"id":2147,"date":"2020-10-14T20:32:11","date_gmt":"2020-10-14T20:32:11","guid":{"rendered":"https:\/\/labestiapolitica.com.mx\/?p=2147"},"modified":"2020-10-17T02:02:00","modified_gmt":"2020-10-17T02:02:00","slug":"cierra-pan-a-dos-figuras-sus-cartas-a-la-gubernatura-en-tlaxcala-saga-y-minerva-deja-fuera-a-davila","status":"publish","type":"post","link":"https:\/\/labestiapolitica.com.mx\/?p=2147","title":{"rendered":"Cierra PAN a dos figuras sus cartas a la gubernatura en Tlaxcala: Saga y Minerva,  descartan a D\u00e1vila"},"content":{"rendered":"<p style=\"text-align: justify;\">Diputada Leticia Hern\u00e1ndez P\u00e9rez, dice que no den por \u00abmuerta\u00bb a la diputada federal, pues es un gran \u00abliderazgo local\u00a0 y naci0nal.<\/p>\n<p style=\"font-weight: 400;\">Edgar GARCIA\/ Tlaxcala\/ El Partido Acci\u00f3n Nacional en Tlaxcala cerr\u00f3 a dos nombres sus cartas para la gubernatura de Tlaxcala, en caso que vayan solos o en una posible alianza con el Revolucionario Institucional, de la Revoluci\u00f3n Democr\u00e1tica, Alianza Ciudadana y el Partido Socialista, y ellos son Juan Carlos S\u00e1nchez Garc\u00eda y Minerva Hern\u00e1ndez Ramos, y con ello, quedar\u00eda descartada la diputada federal Adriana D\u00e1vila Fern\u00e1ndez, quien fue la abanderada del partido em las dos \u00faltimas elecciones.<\/p>\n<p style=\"text-align: justify;\"><strong>\u00bfAdriana D\u00e1vila ha quedado afuera, ya le dijo que no va?, se le pregunt\u00f3 al presidente del Comit\u00e9 Directivo Estatal del Albiazul, Jos\u00e9 Gilberto Temoltzin Mart\u00ednez.\u00a0<\/strong><\/p>\n<p style=\"text-align: justify;\">-Si bien, sabemos del liderazgo y la trayectoria de la diputada federal, ha externado que no participar\u00e1 en este proceso, pero esto est\u00e1 abierto hasta que se emita la convocatoria y se defina.<\/p>\n<p style=\"text-align: justify;\">Con su respuesta, el dirigente estatal tampoco cerr\u00f3 totalmente la posibilidad de que Adriana D\u00e1vila se inscriba al proceso interno o el m\u00e9todo que elijan para designar al candidato al Poder Ejecutivo Local.<\/p>\n<p>Por su parte, Leticia Hern\u00e1ndez P\u00e9rez, diputada local, y ligada al grupo pol\u00edtico de Adriana D\u00e1vila, pidi\u00f3 que no la den por muerta para la elecci\u00f3n del 2021, pues es un gran \u00abliderazgo local\u00a0 y naci0nal.<\/p>\n<p style=\"text-align: justify;\">Esto viene a colaci\u00f3n, pues hasta el momento, D\u00e1vila Fern\u00e1ndez no ha emitido una postura oficial si desiste de sus aspiraciones, sobre todo cuando aparece mejor posicionada en los \u00faltimos estudios de opini\u00f3n, donde\u00a0 ni siquiera mencionan a Minerva Hern\u00e1ndez Ramos.<\/p>\n<p style=\"text-align: justify;\">En una entrevista reciente con La Bestia Pol\u00edtica, la oriunda de Apizaco no descarto sus aspiraciones a ser nuevamente abanderada del PAN al gobierno de Tlaxcala, pero en caso que no fuera, apoyar\u00eda a una mujer.<\/p>\n<p>https:\/\/web.facebook.com\/108039537533606\/videos\/320868432490208<\/p>\n<p>&nbsp;<\/p>\n<p><img loading=\"lazy\" decoding=\"async\" class=\"alignnone wp-image-1379 size-full\" src=\"https:\/\/labestiapolitica.com.mx\/wp-content\/uploads\/2020\/09\/119027292_10157775409225678_5132938279173908592_n.jpg\" alt=\"\" width=\"540\" height=\"960\" \/><\/p>\n<p>&nbsp;<\/p>\n<p>Cabe se\u00f1alar que este mi\u00e9rcoles, en conferencia de prensa presentaron la campa\u00f1a digital \u201cPorque yo puedo\u201d, destacando el papel de la mujer, de las cuales\u00a0 de los tres mil 300 militantes activos el 52 por ciento son mujeres.<\/p>\n<p>&nbsp;<\/p>\n<p style=\"font-weight: 400;\">\n","protected":false},"excerpt":{"rendered":"<p>Diputada Leticia Hern\u00e1ndez P\u00e9rez, dice que no den por \u00abmuerta\u00bb a la diputada federal, pues es un gran \u00abliderazgo local\u00a0 y naci0nal. Edgar GARCIA\/ Tlaxcala\/ El Partido Acci\u00f3n Nacional en Tlaxcala cerr\u00f3 a dos nombres sus cartas para la gubernatura de Tlaxcala, en caso que vayan solos o en una posible alianza con el Revolucionario [&hellip;]<\/p>\n","protected":false},"author":3,"featured_media":0,"comment_status":"open","ping_status":"open","sticky":false,"template":"","format":"standard","meta":{"footnotes":""},"categories":[12],"tags":[],"class_list":["post-2147","post","type-post","status-publish","format-standard","hentry","category-brujula-2026"],"amp_enabled":true,"_links":{"self":[{"href":"https:\/\/labestiapolitica.com.mx\/index.php?rest_route=\/wp\/v2\/posts\/2147","targetHints":{"allow":["GET"]}}],"collection":[{"href":"https:\/\/labestiapolitica.com.mx\/index.php?rest_route=\/wp\/v2\/posts"}],"about":[{"href":"https:\/\/labestiapolitica.com.mx\/index.php?rest_route=\/wp\/v2\/types\/post"}],"author":[{"embeddable":true,"href":"https:\/\/labestiapolitica.com.mx\/index.php?rest_route=\/wp\/v2\/users\/3"}],"replies":[{"embeddable":true,"href":"https:\/\/labestiapolitica.com.mx\/index.php?rest_route=%2Fwp%2Fv2%2Fcomments&post=2147"}],"version-history":[{"count":6,"href":"https:\/\/labestiapolitica.com.mx\/index.php?rest_route=\/wp\/v2\/posts\/2147\/revisions"}],"predecessor-version":[{"id":2155,"href":"https:\/\/labestiapolitica.com.mx\/index.php?rest_route=\/wp\/v2\/posts\/2147\/revisions\/2155"}],"wp:attachment":[{"href":"https:\/\/labestiapolitica.com.mx\/index.php?rest_route=%2Fwp%2Fv2%2Fmedia&parent=2147"}],"wp:term":[{"taxonomy":"category","embeddable":true,"href":"https:\/\/labestiapolitica.com.mx\/index.php?rest_route=%2Fwp%2Fv2%2Fcategories&post=2147"},{"taxonomy":"post_tag","embeddable":true,"href":"https:\/\/labestiapolitica.com.mx\/index.php?rest_route=%2Fwp%2Fv2%2Ftags&post=2147"}],"curies":[{"name":"wp","href":"https:\/\/api.w.org\/{rel}","templated":true}]}}