{"id":2157,"date":"2020-10-15T19:36:44","date_gmt":"2020-10-15T19:36:44","guid":{"rendered":"https:\/\/labestiapolitica.com.mx\/?p=2157"},"modified":"2021-07-13T02:42:09","modified_gmt":"2021-07-13T02:42:09","slug":"continua-salida-de-militantes-priistas-en-tlaxcala-representante-ante-ite-renuncia-al-partido","status":"publish","type":"post","link":"https:\/\/labestiapolitica.com.mx\/?p=2157","title":{"rendered":"Contin\u00faa salida de militantes pri\u00edstas en Tlaxcala, representante ante  ITE renuncia al partido"},"content":{"rendered":"<p>Edgar GARCIA\/ Tlaxcala\/ Jorge Maximino Castillo Mac\u00edas, representante del Partido Revolucionario Institucional (PRI) ante el consejo general del Instituto Tlaxcalteca de Elecciones (ITE), renunci\u00f3 a la representaci\u00f3n del partido y a su militancia de 15 a\u00f1os en el partido.<\/p>\n<p style=\"text-align: justify;\">Esta ser\u00eda la segunda que hace p\u00fablica su renuncia a la militancia al tricolor que dirige en Tlaxcala, No\u00e9 Rodr\u00edguez Rold\u00e1n y aspirante tambi\u00e9n a la candidatura a la gubernatura, luego que en d\u00edas recientes hizo lo mismo el ex alcalde capitalino, Pedro P\u00e9rez Lira.<\/p>\n<p>\u00abBuen d\u00eda, estimadas amigas y amigos! En d\u00edas pasados, decid\u00ed presentar mi renuncia como Representante del Partido Revolucionario Institucional ante el Instituto Tlaxcalteca de Elecciones, hecho que le comuniqu\u00e9 de manera personal al Presidente del Partido No\u00e9 Rodr\u00edguez Rold\u00e1n, a quien le agradezco la confianza y oportunidad conferida. Decirles que durante 15 a\u00f1os mi labor en el PRI fue honor\u00edfica, leal e institucional. A la comunidad pri\u00edsta les deseo el mayor de los \u00e9xitos en los proyectos futuros que se avecinan. Por su atenci\u00f3n, muchas gracias\u00bb.<\/p>\n<p style=\"text-align: justify;\">Por su parte, el presidente del PRI en Tlaxcala, No\u00e9 Rodr\u00edguez Rold\u00e1n se\u00f1al\u00f3 que es\u00a0 una decisi\u00f3n personal,\u00a0 apegada a intereses propios rumbo a la elecci\u00f3n del 2021, y que es respetuoso de la decisi\u00f3n \u00a0de cada militante, por lo que ya realizaron la sustituci\u00f3n de representaci\u00f3n ante el ITE, recayendo en Carlos Enrique B\u00e1rcenas Mej\u00eda.<\/p>\n<p>&nbsp;<\/p>\n<p>&nbsp;<\/p>\n","protected":false},"excerpt":{"rendered":"<p>Edgar GARCIA\/ Tlaxcala\/ Jorge Maximino Castillo Mac\u00edas, representante del Partido Revolucionario Institucional (PRI) ante el consejo general del Instituto Tlaxcalteca de Elecciones (ITE), renunci\u00f3 a la representaci\u00f3n del partido y a su militancia de 15 a\u00f1os en el partido. Esta ser\u00eda la segunda que hace p\u00fablica su renuncia a la militancia al tricolor que dirige [&hellip;]<\/p>\n","protected":false},"author":3,"featured_media":0,"comment_status":"open","ping_status":"open","sticky":false,"template":"","format":"standard","meta":{"footnotes":""},"categories":[12],"tags":[],"class_list":["post-2157","post","type-post","status-publish","format-standard","hentry","category-brujula-2026"],"amp_enabled":true,"_links":{"self":[{"href":"https:\/\/labestiapolitica.com.mx\/index.php?rest_route=\/wp\/v2\/posts\/2157","targetHints":{"allow":["GET"]}}],"collection":[{"href":"https:\/\/labestiapolitica.com.mx\/index.php?rest_route=\/wp\/v2\/posts"}],"about":[{"href":"https:\/\/labestiapolitica.com.mx\/index.php?rest_route=\/wp\/v2\/types\/post"}],"author":[{"embeddable":true,"href":"https:\/\/labestiapolitica.com.mx\/index.php?rest_route=\/wp\/v2\/users\/3"}],"replies":[{"embeddable":true,"href":"https:\/\/labestiapolitica.com.mx\/index.php?rest_route=%2Fwp%2Fv2%2Fcomments&post=2157"}],"version-history":[{"count":3,"href":"https:\/\/labestiapolitica.com.mx\/index.php?rest_route=\/wp\/v2\/posts\/2157\/revisions"}],"predecessor-version":[{"id":2161,"href":"https:\/\/labestiapolitica.com.mx\/index.php?rest_route=\/wp\/v2\/posts\/2157\/revisions\/2161"}],"wp:attachment":[{"href":"https:\/\/labestiapolitica.com.mx\/index.php?rest_route=%2Fwp%2Fv2%2Fmedia&parent=2157"}],"wp:term":[{"taxonomy":"category","embeddable":true,"href":"https:\/\/labestiapolitica.com.mx\/index.php?rest_route=%2Fwp%2Fv2%2Fcategories&post=2157"},{"taxonomy":"post_tag","embeddable":true,"href":"https:\/\/labestiapolitica.com.mx\/index.php?rest_route=%2Fwp%2Fv2%2Ftags&post=2157"}],"curies":[{"name":"wp","href":"https:\/\/api.w.org\/{rel}","templated":true}]}}