{"id":2192,"date":"2020-10-17T01:36:52","date_gmt":"2020-10-17T01:36:52","guid":{"rendered":"https:\/\/labestiapolitica.com.mx\/?p=2192"},"modified":"2020-10-18T21:51:48","modified_gmt":"2020-10-18T21:51:48","slug":"rinde-protesta-la-comision-organizadora-electoral-estatal-del-pan-tlaxcala","status":"publish","type":"post","link":"https:\/\/labestiapolitica.com.mx\/?p=2192","title":{"rendered":"Rinde Protesta la Comisi\u00f3n Organizadora Electoral Estatal del PAN Tlaxcala"},"content":{"rendered":"<p style=\"text-align: justify;\">Esta tarde, de forma virtual, el Dirigente Nacional del PAN, Marko Cort\u00e9s Mendoza, tom\u00f3 protesta de las Comisiones Organizadoras Electorales Estatales (COE), en el que Tlaxcala participa con una tercia conformada por un presidente y dos comisionados.<\/p>\n<p style=\"text-align: justify;\">Se trata de Ferm\u00edn Flores Flores, como Presidente y de Luz Mar\u00eda Cuapio Garc\u00eda y Valent\u00edn Guti\u00e9rrez Hern\u00e1ndez como comisionados, quienes ser\u00e1n los encargados de vigilar, garantizar y regular que todo el proceso previo y durante los pr\u00f3ximos comicios sea con transparencia y total apego a la ley Interna del Partido Acci\u00f3n Nacional<\/p>\n<p style=\"text-align: justify;\">Entre las funciones de la COE resalta la revisi\u00f3n de la documentaci\u00f3n de los aspirantes a candidatos del PAN en el proceso electoral 2020 &#8211; 2021.<\/p>\n<p style=\"text-align: justify;\">Lo anterior durante la Sesi\u00f3n Solemne encabezada por el Dirigente Estatal, Pepe Temoltzin Mart\u00ednez, en donde tambi\u00e9n estuvo presente el Secretario General, Miguel \u00c1ngel Polvo Rea, y tuvo lugar en las instalaciones del CDE del PAN.<\/p>\n","protected":false},"excerpt":{"rendered":"<p>Esta tarde, de forma virtual, el Dirigente Nacional del PAN, Marko Cort\u00e9s Mendoza, tom\u00f3 protesta de las Comisiones Organizadoras Electorales Estatales (COE), en el que Tlaxcala participa con una tercia conformada por un presidente y dos comisionados. Se trata de Ferm\u00edn Flores Flores, como Presidente y de Luz Mar\u00eda Cuapio Garc\u00eda y Valent\u00edn Guti\u00e9rrez Hern\u00e1ndez [&hellip;]<\/p>\n","protected":false},"author":3,"featured_media":0,"comment_status":"open","ping_status":"open","sticky":false,"template":"","format":"standard","meta":{"footnotes":""},"categories":[12],"tags":[],"class_list":["post-2192","post","type-post","status-publish","format-standard","hentry","category-brujula-2026"],"amp_enabled":true,"_links":{"self":[{"href":"https:\/\/labestiapolitica.com.mx\/index.php?rest_route=\/wp\/v2\/posts\/2192","targetHints":{"allow":["GET"]}}],"collection":[{"href":"https:\/\/labestiapolitica.com.mx\/index.php?rest_route=\/wp\/v2\/posts"}],"about":[{"href":"https:\/\/labestiapolitica.com.mx\/index.php?rest_route=\/wp\/v2\/types\/post"}],"author":[{"embeddable":true,"href":"https:\/\/labestiapolitica.com.mx\/index.php?rest_route=\/wp\/v2\/users\/3"}],"replies":[{"embeddable":true,"href":"https:\/\/labestiapolitica.com.mx\/index.php?rest_route=%2Fwp%2Fv2%2Fcomments&post=2192"}],"version-history":[{"count":1,"href":"https:\/\/labestiapolitica.com.mx\/index.php?rest_route=\/wp\/v2\/posts\/2192\/revisions"}],"predecessor-version":[{"id":2194,"href":"https:\/\/labestiapolitica.com.mx\/index.php?rest_route=\/wp\/v2\/posts\/2192\/revisions\/2194"}],"wp:attachment":[{"href":"https:\/\/labestiapolitica.com.mx\/index.php?rest_route=%2Fwp%2Fv2%2Fmedia&parent=2192"}],"wp:term":[{"taxonomy":"category","embeddable":true,"href":"https:\/\/labestiapolitica.com.mx\/index.php?rest_route=%2Fwp%2Fv2%2Fcategories&post=2192"},{"taxonomy":"post_tag","embeddable":true,"href":"https:\/\/labestiapolitica.com.mx\/index.php?rest_route=%2Fwp%2Fv2%2Ftags&post=2192"}],"curies":[{"name":"wp","href":"https:\/\/api.w.org\/{rel}","templated":true}]}}