{"id":2199,"date":"2020-10-17T02:06:51","date_gmt":"2020-10-17T02:06:51","guid":{"rendered":"https:\/\/labestiapolitica.com.mx\/?p=2199"},"modified":"2020-10-17T02:45:25","modified_gmt":"2020-10-17T02:45:25","slug":"firma-pgje-convenio-de-colaboracion-con-la-fiscalia-especializada-en-delitos-electorales","status":"publish","type":"post","link":"https:\/\/labestiapolitica.com.mx\/?p=2199","title":{"rendered":"Firma PGJE convenio de colaboraci\u00f3n con la Fiscal\u00eda Especializada en Delitos Electorales"},"content":{"rendered":"<p><em>La r\u00fabrica del documento se dio durante los trabajos de la segunda sesi\u00f3n ordinaria virtual de la Conferencia Nacional de Procuraci\u00f3n de Justicia (CNPJ).<\/em><\/p>\n<p style=\"text-align: justify;\">El procurador General de Justicia del Estado, Jos\u00e9 Antonio Aquiahuatl S\u00e1nchez, firm\u00f3 un convenio de colaboraci\u00f3n a trav\u00e9s de la Conferencia Nacional de Procuraci\u00f3n de Justicia (CNPJ) con la Fiscal\u00eda Especializada en Delitos Electorales (FEDE), para fortalecer la atenci\u00f3n de delitos electorales durante los pr\u00f3ximos comicios.<\/p>\n<p style=\"text-align: justify;\">El objetivo de este documento rubricado por el Estado de M\u00e9xico, Tlaxcala, Hidalgo, Morelos, Puebla y la Ciudad de M\u00e9xico, es facilitar la recepci\u00f3n y atenci\u00f3n de denuncias que se les presenten sobre hechos que pueden ser constitutivos de delitos electorales, previstos en la Ley General en Materia de Delitos Electorales y dem\u00e1s disposiciones jur\u00eddicas aplicables.<\/p>\n<p style=\"text-align: justify;\">Ante el proceso electoral del pr\u00f3ximo a\u00f1o y con la firma del convenio, la Procuradur\u00eda de Tlaxcala participar\u00e1 de manera coordinada con la FEDE, para establecer y desarrollar acciones para prevenir, investigar y perseguir la comisi\u00f3n de delitos.<\/p>\n<p style=\"text-align: justify;\">El acuerdo contempla un programa de trabajo con difusi\u00f3n, divulgaci\u00f3n e intercambio de informaci\u00f3n para prevenir los delitos, fomentar la participaci\u00f3n ciudadana y estimular la cultura de la denuncia.<\/p>\n<p style=\"text-align: justify;\">En ese sentido, el convenio contar\u00e1 con la participaci\u00f3n de los \u00f3rganos y grupos de trabajo en materia de seguridad y procuraci\u00f3n de justicia del Estado, donde se coordinar\u00e1n acciones encaminadas a un proceso y jornada electoral en paz y orden.<\/p>\n<p style=\"text-align: justify;\">Adem\u00e1s de esta firma, se llevaron a cabo los trabajos de la Segunda Sesi\u00f3n Ordinaria de la XLIII Asamblea Plenaria de la CNPJ.<\/p>\n<p style=\"text-align: justify;\">Durante el encuentro virtual, los fiscales y procuradores encabezados por Germ\u00e1n Adolfo Castillo Banuet, subprocurador Regional, Procedimientos Penales y Amparo en representaci\u00f3n del Fiscal General de la Rep\u00fablica, Alejandro Gertz Manero, abordaron tem\u00e1ticas relevantes para reforzar las tareas en materia de seguridad.<\/p>\n<p style=\"text-align: justify;\">Entre las tem\u00e1ticas que se abordaron destac\u00f3; \u201c La propuesta de reforma a la Ley Nacional de Extinci\u00f3n de Dominio\u201d, \u201cEl trabajo de la polic\u00eda cibern\u00e9tica\u201d, \u201cEl compromiso de las entidades federativas en relaci\u00f3n a la reducci\u00f3n de la violencia homicida\u201d, \u201cLos avances del sistema \u00fanico policial\u201d, entre otros.<\/p>\n<p style=\"text-align: justify;\">Lo anterior a trav\u00e9s de un trabajo de colaboraci\u00f3n que coadyuve a disminuir la incidencia delictiva y, al mismo tiempo, se fortalezcan acciones de investigaci\u00f3n en favor de las v\u00edctimas.<\/p>\n<p style=\"text-align: justify;\">Finalmente con estos programas, se genera la coordinaci\u00f3n, el trabajo en colaboraci\u00f3n tanto de las instituciones del Gobierno del Estado como de las instituciones de seguridad y los organismos electorales.<\/p>\n","protected":false},"excerpt":{"rendered":"<p>La r\u00fabrica del documento se dio durante los trabajos de la segunda sesi\u00f3n ordinaria virtual de la Conferencia Nacional de Procuraci\u00f3n de Justicia (CNPJ). El procurador General de Justicia del Estado, Jos\u00e9 Antonio Aquiahuatl S\u00e1nchez, firm\u00f3 un convenio de colaboraci\u00f3n a trav\u00e9s de la Conferencia Nacional de Procuraci\u00f3n de Justicia (CNPJ) con la Fiscal\u00eda Especializada [&hellip;]<\/p>\n","protected":false},"author":3,"featured_media":0,"comment_status":"open","ping_status":"open","sticky":false,"template":"","format":"standard","meta":{"footnotes":""},"categories":[12],"tags":[],"class_list":["post-2199","post","type-post","status-publish","format-standard","hentry","category-brujula-2026"],"amp_enabled":true,"_links":{"self":[{"href":"https:\/\/labestiapolitica.com.mx\/index.php?rest_route=\/wp\/v2\/posts\/2199","targetHints":{"allow":["GET"]}}],"collection":[{"href":"https:\/\/labestiapolitica.com.mx\/index.php?rest_route=\/wp\/v2\/posts"}],"about":[{"href":"https:\/\/labestiapolitica.com.mx\/index.php?rest_route=\/wp\/v2\/types\/post"}],"author":[{"embeddable":true,"href":"https:\/\/labestiapolitica.com.mx\/index.php?rest_route=\/wp\/v2\/users\/3"}],"replies":[{"embeddable":true,"href":"https:\/\/labestiapolitica.com.mx\/index.php?rest_route=%2Fwp%2Fv2%2Fcomments&post=2199"}],"version-history":[{"count":2,"href":"https:\/\/labestiapolitica.com.mx\/index.php?rest_route=\/wp\/v2\/posts\/2199\/revisions"}],"predecessor-version":[{"id":2206,"href":"https:\/\/labestiapolitica.com.mx\/index.php?rest_route=\/wp\/v2\/posts\/2199\/revisions\/2206"}],"wp:attachment":[{"href":"https:\/\/labestiapolitica.com.mx\/index.php?rest_route=%2Fwp%2Fv2%2Fmedia&parent=2199"}],"wp:term":[{"taxonomy":"category","embeddable":true,"href":"https:\/\/labestiapolitica.com.mx\/index.php?rest_route=%2Fwp%2Fv2%2Fcategories&post=2199"},{"taxonomy":"post_tag","embeddable":true,"href":"https:\/\/labestiapolitica.com.mx\/index.php?rest_route=%2Fwp%2Fv2%2Ftags&post=2199"}],"curies":[{"name":"wp","href":"https:\/\/api.w.org\/{rel}","templated":true}]}}