{"id":2258,"date":"2020-10-19T15:17:07","date_gmt":"2020-10-19T15:17:07","guid":{"rendered":"https:\/\/labestiapolitica.com.mx\/?p=2258"},"modified":"2020-10-19T22:58:45","modified_gmt":"2020-10-19T22:58:45","slug":"por-designacion-directa-elegira-pan-a-su-candidato-a-gobernador","status":"publish","type":"post","link":"https:\/\/labestiapolitica.com.mx\/?p=2258","title":{"rendered":"Por designaci\u00f3n directa elegir\u00e1 PAN a su candidato a gobernador, listo para buscar mega alianza con PRI, PRD, PAC y PS"},"content":{"rendered":"<p style=\"text-align: justify;\">Marco MU\u00d1OZ\/ Tlaxcala\/ El Comit\u00e9 Ejecutivo Nacional del Partido Acci\u00f3n Nacional (PAN), designar\u00e1 de forma directa a su candidato a gobernador o quien resulte para encabezar una posible coalici\u00f3n con otros partidos pol\u00edticos como el Revolucionario Institucional, de la Revoluci\u00f3n Democr\u00e1tica, Alianza Ciudadana y el Partido Socialista.<\/p>\n<p style=\"text-align: justify;\">Cabe recordar que al interior del PAN se manejan los nombres de Minerva Hern\u00e1ndez Ramos, Juan Carlos S\u00e1nchez Garc\u00eda y Adriana D\u00e1vila; en el PRD al ex presidente del CEE, Manuel Cambr\u00f3n; y en el PRI a la alcaldesa capitalina Anabell \u00c1valos, el presidente del tricolor, No\u00e9 Rodr\u00edguez Rold\u00e1n, y el actual secretario de Educaci\u00f3n, Florentino Dom\u00ednguez Ordo\u00f1ez.<\/p>\n<p style=\"text-align: justify;\">El pasado s\u00e1bado, el Comit\u00e9 Directivo Estatal del PAN celebr\u00f3 la reuni\u00f3n de Consejo Estatal, en la que se aprob\u00f3 el m\u00e9todo para elegir gobernador e ir en coalici\u00f3n para las pr\u00f3ximas elecciones.<\/p>\n<p style=\"text-align: justify;\">Por lo que se acord\u00f3 por mayor\u00eda de votos, ceder a los integrantes de la Comisi\u00f3n Permanente del PAN Estatal, la responsabilidad de tomar las mejores decisiones respecto a candidatas y candidatos, as\u00ed como las alianzas, de cara al proceso electoral.<\/p>\n<p style=\"text-align: justify;\">De ah\u00ed que, el Dirigente Estatal, Pepe Temoltzin Mart\u00ednez reafirm\u00f3 que el PAN est\u00e1 listo para encabezar cualquier alianza y para darle resultados a Tlaxcala con proyectos y rentabilidad electoral, \u201centre todos vamos a defender a nuestras candidatas y candidatos, tenemos las mejores propuestas, a los m\u00e1s preparados y competitivos en el PAN tenemos con qu\u00e9\u201d, asegur\u00f3.<\/p>\n<p style=\"text-align: justify;\">\u201cHoy llevamos a cabo un ejercicio transparente de socializaci\u00f3n y consenso, las propuestas y decisiones tomadas fortalecen la unidad de nuestro partido, vamos con congruencia, listos para ganar y que gane Tlaxcala y que gane M\u00e9xico\u201d, asever\u00f3.<\/p>\n<p style=\"text-align: justify;\">Ah\u00ed mismo, fue ratificado Omar Milton L\u00f3pez Avenda\u00f1o, como Coordinador del Grupo Parlamentario de Acci\u00f3n Nacional y al Presidente Municipal de Apizaco, Julio C\u00e9sar Hern\u00e1ndez Mej\u00eda como Coordinador de Alcaldes Panistas.<\/p>\n","protected":false},"excerpt":{"rendered":"<p>Marco MU\u00d1OZ\/ Tlaxcala\/ El Comit\u00e9 Ejecutivo Nacional del Partido Acci\u00f3n Nacional (PAN), designar\u00e1 de forma directa a su candidato a gobernador o quien resulte para encabezar una posible coalici\u00f3n con otros partidos pol\u00edticos como el Revolucionario Institucional, de la Revoluci\u00f3n Democr\u00e1tica, Alianza Ciudadana y el Partido Socialista. Cabe recordar que al interior del PAN se [&hellip;]<\/p>\n","protected":false},"author":3,"featured_media":0,"comment_status":"open","ping_status":"open","sticky":false,"template":"","format":"standard","meta":{"footnotes":""},"categories":[12],"tags":[],"class_list":["post-2258","post","type-post","status-publish","format-standard","hentry","category-brujula-2026"],"amp_enabled":true,"_links":{"self":[{"href":"https:\/\/labestiapolitica.com.mx\/index.php?rest_route=\/wp\/v2\/posts\/2258","targetHints":{"allow":["GET"]}}],"collection":[{"href":"https:\/\/labestiapolitica.com.mx\/index.php?rest_route=\/wp\/v2\/posts"}],"about":[{"href":"https:\/\/labestiapolitica.com.mx\/index.php?rest_route=\/wp\/v2\/types\/post"}],"author":[{"embeddable":true,"href":"https:\/\/labestiapolitica.com.mx\/index.php?rest_route=\/wp\/v2\/users\/3"}],"replies":[{"embeddable":true,"href":"https:\/\/labestiapolitica.com.mx\/index.php?rest_route=%2Fwp%2Fv2%2Fcomments&post=2258"}],"version-history":[{"count":3,"href":"https:\/\/labestiapolitica.com.mx\/index.php?rest_route=\/wp\/v2\/posts\/2258\/revisions"}],"predecessor-version":[{"id":2262,"href":"https:\/\/labestiapolitica.com.mx\/index.php?rest_route=\/wp\/v2\/posts\/2258\/revisions\/2262"}],"wp:attachment":[{"href":"https:\/\/labestiapolitica.com.mx\/index.php?rest_route=%2Fwp%2Fv2%2Fmedia&parent=2258"}],"wp:term":[{"taxonomy":"category","embeddable":true,"href":"https:\/\/labestiapolitica.com.mx\/index.php?rest_route=%2Fwp%2Fv2%2Fcategories&post=2258"},{"taxonomy":"post_tag","embeddable":true,"href":"https:\/\/labestiapolitica.com.mx\/index.php?rest_route=%2Fwp%2Fv2%2Ftags&post=2258"}],"curies":[{"name":"wp","href":"https:\/\/api.w.org\/{rel}","templated":true}]}}