{"id":2325,"date":"2020-10-20T15:35:49","date_gmt":"2020-10-20T15:35:49","guid":{"rendered":"https:\/\/labestiapolitica.com.mx\/?p=2325"},"modified":"2020-10-20T15:52:52","modified_gmt":"2020-10-20T15:52:52","slug":"encabeza-tono-carvajal-preferencias-para-ser-candidato-a-alcalde-capitalino-por-el-pri","status":"publish","type":"post","link":"https:\/\/labestiapolitica.com.mx\/?p=2325","title":{"rendered":"Encabeza To\u00f1o Carvajal preferencias para ser candidato a alcalde capitalino por el PRI"},"content":{"rendered":"<p style=\"text-align: justify;\">Fabi\u00e1n HERN\u00c1NDEZ\/ Tlaxcala\/ Antonio Carvajal Sampedro encabeza distintos estudios de preferencia electoral entre los aspirantes del PRI a la alcald\u00eda capitalina, y el segundo lugar en una encuesta realizada por la empresa Massive Caller a los aspirantes de Morena, PRI y PAN, al inicio del mes de octubre, de acuerdo a datos difundidos en las \u00faltimas semanas.<\/p>\n<p style=\"text-align: justify;\">\u00a0To\u00f1o Carvajal, como lo conocen,\u00a0 \u00a0prefiri\u00f3 no hablar sobre sus aspiraciones de forma abierta, y se limit\u00f3 a decir que \u00a0se encuentra haciendo actividades institucionales en su partido, como secretario de vinculaci\u00f3n con la sociedad civil, y destac\u00f3 que han dado grandes resultados, el acercamiento con asociaciones y sectores productivos, artesanos, empresarios que incluso se sumaron a la donaci\u00f3n de aparatos funcionales que pr\u00f3ximamente ser\u00e1n entregados.<\/p>\n<p style=\"text-align: justify;\">En su calidad de Presidente del Patronato de la Feria de Tlaxcala, respondi\u00f3 ante los se\u00f1alamientos del supuesto uso de recursos del patronato de Feria para impulsar su campa\u00f1a rumbo a la alcald\u00eda capitalina: \u201cEstoy muy agradecido por la publicidad que me regalan algunos medios de comunicaci\u00f3n, y quisiera dejar muy en claro, que el patronato no cuenta con recursos asignados, lo he dicho reiteradas veces, nosotros \u00fanicamente contamos con recursos provenientes de rentas de espacios del recinto, y como ustedes sabr\u00e1n, desde marzo 2020 que por responsabilidad, decidimos<br \/>\nsuspender las actividades\u201d dijo To\u00f1o Carvajal.<\/p>\n<p style=\"text-align: justify;\">De igual manera Carvajal Sampedro, asever\u00f3 que las finanzas de la Feria, pueden ser consultadas en el portal de transparencia, y se puede realizar una consulta p\u00fablica en un tr\u00e1mite sencillo y al cual tienen derecho todos los tlaxcaltecas que tengan alguna cuestionante, sostuvo que su administraci\u00f3n siempre ha sido recta y en estos tiempos complicados, ha sido cercana para apoyar las iniciativas sociales y econ\u00f3micas.<\/p>\n","protected":false},"excerpt":{"rendered":"<p>Fabi\u00e1n HERN\u00c1NDEZ\/ Tlaxcala\/ Antonio Carvajal Sampedro encabeza distintos estudios de preferencia electoral entre los aspirantes del PRI a la alcald\u00eda capitalina, y el segundo lugar en una encuesta realizada por la empresa Massive Caller a los aspirantes de Morena, PRI y PAN, al inicio del mes de octubre, de acuerdo a datos difundidos en las [&hellip;]<\/p>\n","protected":false},"author":3,"featured_media":0,"comment_status":"open","ping_status":"open","sticky":false,"template":"","format":"standard","meta":{"footnotes":""},"categories":[12],"tags":[],"class_list":["post-2325","post","type-post","status-publish","format-standard","hentry","category-brujula-2026"],"amp_enabled":true,"_links":{"self":[{"href":"https:\/\/labestiapolitica.com.mx\/index.php?rest_route=\/wp\/v2\/posts\/2325","targetHints":{"allow":["GET"]}}],"collection":[{"href":"https:\/\/labestiapolitica.com.mx\/index.php?rest_route=\/wp\/v2\/posts"}],"about":[{"href":"https:\/\/labestiapolitica.com.mx\/index.php?rest_route=\/wp\/v2\/types\/post"}],"author":[{"embeddable":true,"href":"https:\/\/labestiapolitica.com.mx\/index.php?rest_route=\/wp\/v2\/users\/3"}],"replies":[{"embeddable":true,"href":"https:\/\/labestiapolitica.com.mx\/index.php?rest_route=%2Fwp%2Fv2%2Fcomments&post=2325"}],"version-history":[{"count":4,"href":"https:\/\/labestiapolitica.com.mx\/index.php?rest_route=\/wp\/v2\/posts\/2325\/revisions"}],"predecessor-version":[{"id":2331,"href":"https:\/\/labestiapolitica.com.mx\/index.php?rest_route=\/wp\/v2\/posts\/2325\/revisions\/2331"}],"wp:attachment":[{"href":"https:\/\/labestiapolitica.com.mx\/index.php?rest_route=%2Fwp%2Fv2%2Fmedia&parent=2325"}],"wp:term":[{"taxonomy":"category","embeddable":true,"href":"https:\/\/labestiapolitica.com.mx\/index.php?rest_route=%2Fwp%2Fv2%2Fcategories&post=2325"},{"taxonomy":"post_tag","embeddable":true,"href":"https:\/\/labestiapolitica.com.mx\/index.php?rest_route=%2Fwp%2Fv2%2Ftags&post=2325"}],"curies":[{"name":"wp","href":"https:\/\/api.w.org\/{rel}","templated":true}]}}