{"id":2332,"date":"2020-10-20T16:30:28","date_gmt":"2020-10-20T16:30:28","guid":{"rendered":"https:\/\/labestiapolitica.com.mx\/?p=2332"},"modified":"2020-10-21T19:13:33","modified_gmt":"2020-10-21T19:13:33","slug":"se-alista-pan-para-encabezar-bloque-opositor-en-tlaxcala","status":"publish","type":"post","link":"https:\/\/labestiapolitica.com.mx\/?p=2332","title":{"rendered":"Se alista PAN para encabezar bloque opositor en Tlaxcala"},"content":{"rendered":"<div class=\"kvgmc6g5 cxmmr5t8 oygrvhab hcukyx3x c1et5uql\"><\/div>\n<div class=\"o9v6fnle cxmmr5t8 oygrvhab hcukyx3x c1et5uql\" style=\"text-align: justify;\">La tarde de ayer, la Comisi\u00f3n Permanente del PAN Estatal, autoriz\u00f3 al Dirigente, Pepe Temoltzin Mart\u00ednez, suscribir convenios de Asociaci\u00f3n Electoral, particularmente la figura de coalici\u00f3n en las elecciones de Gobernador, Diputados Locales e Integrantes de Ayuntamientos para el proceso electoral ordinario 2020 &#8211; 2021<\/div>\n<div class=\"o9v6fnle cxmmr5t8 oygrvhab hcukyx3x c1et5uql\" style=\"text-align: justify;\">Lo anterior, con previa autorizaci\u00f3n con la Comisi\u00f3n Permanente Nacional, en esa misma, se llev\u00f3 a cabo el an\u00e1lisis, discusi\u00f3n y aprobaci\u00f3n de los criterios para garantizar la paridad de g\u00e9nero en las candidaturas para el Proceso Electoral.<\/div>\n<div class=\"o9v6fnle cxmmr5t8 oygrvhab hcukyx3x c1et5uql\" style=\"text-align: justify;\">Por ello, Temoltzin Mart\u00ednez, dijo que Acci\u00f3n Nacional se encuentra listo para encabezar un gran bloque opositor, pues asegur\u00f3 que cuentan con los mejores perfiles y una marca mejor posicionada a nivel estatal y nacional.<\/div>\n<div><\/div>\n<div><img loading=\"lazy\" decoding=\"async\" class=\"alignnone wp-image-2334 size-full\" src=\"https:\/\/labestiapolitica.com.mx\/wp-content\/uploads\/2020\/10\/pan-1-.jpg\" alt=\"\" width=\"1000\" height=\"600\" \/><\/div>\n","protected":false},"excerpt":{"rendered":"<p>La tarde de ayer, la Comisi\u00f3n Permanente del PAN Estatal, autoriz\u00f3 al Dirigente, Pepe Temoltzin Mart\u00ednez, suscribir convenios de Asociaci\u00f3n Electoral, particularmente la figura de coalici\u00f3n en las elecciones de Gobernador, Diputados Locales e Integrantes de Ayuntamientos para el proceso electoral ordinario 2020 &#8211; 2021 Lo anterior, con previa autorizaci\u00f3n con la Comisi\u00f3n Permanente Nacional, [&hellip;]<\/p>\n","protected":false},"author":3,"featured_media":0,"comment_status":"open","ping_status":"open","sticky":false,"template":"","format":"standard","meta":{"footnotes":""},"categories":[12],"tags":[],"class_list":["post-2332","post","type-post","status-publish","format-standard","hentry","category-brujula-2026"],"amp_enabled":true,"_links":{"self":[{"href":"https:\/\/labestiapolitica.com.mx\/index.php?rest_route=\/wp\/v2\/posts\/2332","targetHints":{"allow":["GET"]}}],"collection":[{"href":"https:\/\/labestiapolitica.com.mx\/index.php?rest_route=\/wp\/v2\/posts"}],"about":[{"href":"https:\/\/labestiapolitica.com.mx\/index.php?rest_route=\/wp\/v2\/types\/post"}],"author":[{"embeddable":true,"href":"https:\/\/labestiapolitica.com.mx\/index.php?rest_route=\/wp\/v2\/users\/3"}],"replies":[{"embeddable":true,"href":"https:\/\/labestiapolitica.com.mx\/index.php?rest_route=%2Fwp%2Fv2%2Fcomments&post=2332"}],"version-history":[{"count":1,"href":"https:\/\/labestiapolitica.com.mx\/index.php?rest_route=\/wp\/v2\/posts\/2332\/revisions"}],"predecessor-version":[{"id":2335,"href":"https:\/\/labestiapolitica.com.mx\/index.php?rest_route=\/wp\/v2\/posts\/2332\/revisions\/2335"}],"wp:attachment":[{"href":"https:\/\/labestiapolitica.com.mx\/index.php?rest_route=%2Fwp%2Fv2%2Fmedia&parent=2332"}],"wp:term":[{"taxonomy":"category","embeddable":true,"href":"https:\/\/labestiapolitica.com.mx\/index.php?rest_route=%2Fwp%2Fv2%2Fcategories&post=2332"},{"taxonomy":"post_tag","embeddable":true,"href":"https:\/\/labestiapolitica.com.mx\/index.php?rest_route=%2Fwp%2Fv2%2Ftags&post=2332"}],"curies":[{"name":"wp","href":"https:\/\/api.w.org\/{rel}","templated":true}]}}