{"id":2358,"date":"2020-10-21T18:31:21","date_gmt":"2020-10-21T18:31:21","guid":{"rendered":"https:\/\/labestiapolitica.com.mx\/?p=2358"},"modified":"2020-10-23T14:13:20","modified_gmt":"2020-10-23T14:13:20","slug":"se-desmarca-pan-de-quejas-contra-saga-y-aun-analiza-si-impugna-espectaculares-de-dulce-silva-y-lucero","status":"publish","type":"post","link":"https:\/\/labestiapolitica.com.mx\/?p=2358","title":{"rendered":"Se desmarca PAN de quejas contra Saga, y aun analiza si impugna espectaculares de Dulce Silva y Gisela Lucero"},"content":{"rendered":"<p><img loading=\"lazy\" decoding=\"async\" class=\"alignnone wp-image-2367 size-full\" src=\"https:\/\/labestiapolitica.com.mx\/wp-content\/uploads\/2020\/10\/lucero-.jpg\" alt=\"\" width=\"1000\" height=\"600\" \/><\/p>\n<p style=\"text-align: justify;\">Edgar GARCIA\/ Tlaxcala\/ El dirigente estatal del Partido Acci\u00f3n Nacional (PAN) Jos\u00e9 Gilberto Temoltzin Mart\u00ednez, se desmarc\u00f3 de las quejas radicadas en el Instituto Tlaxcalteca de Elecciones (IET), contra Juan Carlos S\u00e1nchez Garc\u00eda, uno de los aspirantes de su partido a la candidatura a gobernador. \u00abEs un tema personal y lo tiene que atender, no el partido\u00bb.<\/p>\n<p style=\"text-align: justify;\">S\u00e1nchez Garc\u00eda es se\u00f1alado de actos anticipados de precampa\u00f1a y manejo de su imagen, inclusive el \u00f3rgano electoral le dict\u00f3 medidas cautelares para que retirara de su cuenta personal de facebook \u00a0publicaciones, cuyo contenido est\u00e1 orientado seg\u00fan\u00a0 a posicionar su nombre e imagen como aspirante a la nominaci\u00f3n dentro del PAN a gobernador.<\/p>\n<p style=\"text-align: justify;\">Ante ello, el dirigente partidista asegur\u00f3 que el albiazul no ha sido notificado de alguna queja, lo cual insisti\u00f3 debe ser atendido por el ex diputado local, y no por el partido, pese a que corre el riesgo de ser impugnado si es ungido como candidato del PAN.<\/p>\n<p style=\"text-align: justify;\">En otro tema, Temoltzin Mart\u00ednez afirm\u00f3 que aun tienen en an\u00e1lisis impugnar los espectaculares de Dulce Silva,\u00a0 aspirante del Movimiento de Regeneraci\u00f3n Nacional (Morena), a la candidatura a la gubernatura, quien se promociona con el pretexto de una entrevista de corte nacional.<\/p>\n<p style=\"text-align: justify;\">De igual forma, no descart\u00f3 presentar una queja en contra de Aid\u00e9 Gisela Lucero Zepeda, ex gerente de la\u00a0Comisi\u00f3n Nacional Forestal en Tlaxcala, quien ha colocado anuncios en diversos lugares de Tlaxcala capital, quien aspira a ser candidata del PRI a la alcald\u00eda o una diputaci\u00f3n local.<\/p>\n<p style=\"text-align: justify;\">En su momento, el presidente del Comit\u00e9 Directivo Estatal del albiazul, Jos\u00e9 Gilberto Temoltzin Mart\u00ednez, afirm\u00f3 que cualquier persona tiene la posibilidad de promoverse como guste, pero lo que no es v\u00e1lido es que si hay pretensiones pol\u00edticas busquen sacar ventaja, lo cual puede considerarse como actos anticipados de campa\u00f1a.<\/p>\n<p style=\"text-align: justify;\">Temoltzin Mart\u00ednez detall\u00f3 que solicit\u00f3 al \u00e1rea jur\u00eddica del PAN analizar el tema y si es conducente, presentar una queja ante el Instituto Tlaxcalteca de Elecciones (ITE).<\/p>\n<p style=\"text-align: justify;\">Recordar que Dulce Silva ha sido mencionada e incluida en las encuestas como aspirante a la candidatura a la gubernatura de Tlaxcala por el Partido del Movimiento de Regeneraci\u00f3n Nacional (Morena).<\/p>\n<p><img loading=\"lazy\" decoding=\"async\" class=\"alignnone wp-image-1421 size-full\" src=\"https:\/\/labestiapolitica.com.mx\/wp-content\/uploads\/2020\/09\/dulce-.jpg\" alt=\"\" width=\"1000\" height=\"600\" \/><\/p>\n<p style=\"text-align: justify;\">En d\u00edas pasados, la empresaria agradeci\u00f3 a la revista Mujer Ejecutiva una entrevista que sale en portada.\u00a0\u00abEs importante que la voz de m\u00e1s mujeres se escuche. Agradezco la entrevista de la revista Mujer Ejecutiva, publicaci\u00f3n que nos empodera e impulsa desde diferentes \u00e1mbitos: negocios, salud, equidad, destinos, tendencias\u00bb.<\/p>\n<p style=\"text-align: justify;\">Semanas despu\u00e9s, empezaron a colocar en Tlaxcala capital y Apizaco espectaculares con el rostro de la tlaxcalteca y la portada de la citada revista, pero hasta el momento se desconoce qui\u00e9n hizo el pago por la renta y colocaci\u00f3n de los anuncios con el lema \u00abEl \u00e9xito requiere equilibrio\u00bb, y el nombre de Dulce Silva.<\/p>\n<blockquote class=\"wp-embedded-content\" data-secret=\"dXuDjA9Eat\"><p><a href=\"https:\/\/labestiapolitica.com.mx\/?p=1420\">Analiza PAN queja contra Dulce Silva por colocaci\u00f3n de espectaculares ; PRD pide al ITE piso parejo<\/a><\/p><\/blockquote>\n<p><iframe loading=\"lazy\" class=\"wp-embedded-content\" sandbox=\"allow-scripts\" security=\"restricted\" style=\"position: absolute; visibility: hidden;\" title=\"\u00abAnaliza PAN queja contra Dulce Silva por colocaci\u00f3n de espectaculares ; PRD pide al ITE piso parejo\u00bb \u2014 La Bestia Pol&iacute;tica\" src=\"https:\/\/labestiapolitica.com.mx\/?p=1420&#038;embed=true#?secret=y4PhG6EWRp#?secret=dXuDjA9Eat\" data-secret=\"dXuDjA9Eat\" width=\"600\" height=\"338\" frameborder=\"0\" marginwidth=\"0\" marginheight=\"0\" scrolling=\"no\"><\/iframe><\/p>\n<p style=\"text-align: justify;\">\n","protected":false},"excerpt":{"rendered":"<p>Edgar GARCIA\/ Tlaxcala\/ El dirigente estatal del Partido Acci\u00f3n Nacional (PAN) Jos\u00e9 Gilberto Temoltzin Mart\u00ednez, se desmarc\u00f3 de las quejas radicadas en el Instituto Tlaxcalteca de Elecciones (IET), contra Juan Carlos S\u00e1nchez Garc\u00eda, uno de los aspirantes de su partido a la candidatura a gobernador. \u00abEs un tema personal y lo tiene que atender, no [&hellip;]<\/p>\n","protected":false},"author":3,"featured_media":0,"comment_status":"open","ping_status":"open","sticky":false,"template":"","format":"standard","meta":{"footnotes":""},"categories":[12],"tags":[],"class_list":["post-2358","post","type-post","status-publish","format-standard","hentry","category-brujula-2026"],"amp_enabled":true,"_links":{"self":[{"href":"https:\/\/labestiapolitica.com.mx\/index.php?rest_route=\/wp\/v2\/posts\/2358","targetHints":{"allow":["GET"]}}],"collection":[{"href":"https:\/\/labestiapolitica.com.mx\/index.php?rest_route=\/wp\/v2\/posts"}],"about":[{"href":"https:\/\/labestiapolitica.com.mx\/index.php?rest_route=\/wp\/v2\/types\/post"}],"author":[{"embeddable":true,"href":"https:\/\/labestiapolitica.com.mx\/index.php?rest_route=\/wp\/v2\/users\/3"}],"replies":[{"embeddable":true,"href":"https:\/\/labestiapolitica.com.mx\/index.php?rest_route=%2Fwp%2Fv2%2Fcomments&post=2358"}],"version-history":[{"count":6,"href":"https:\/\/labestiapolitica.com.mx\/index.php?rest_route=\/wp\/v2\/posts\/2358\/revisions"}],"predecessor-version":[{"id":2426,"href":"https:\/\/labestiapolitica.com.mx\/index.php?rest_route=\/wp\/v2\/posts\/2358\/revisions\/2426"}],"wp:attachment":[{"href":"https:\/\/labestiapolitica.com.mx\/index.php?rest_route=%2Fwp%2Fv2%2Fmedia&parent=2358"}],"wp:term":[{"taxonomy":"category","embeddable":true,"href":"https:\/\/labestiapolitica.com.mx\/index.php?rest_route=%2Fwp%2Fv2%2Fcategories&post=2358"},{"taxonomy":"post_tag","embeddable":true,"href":"https:\/\/labestiapolitica.com.mx\/index.php?rest_route=%2Fwp%2Fv2%2Ftags&post=2358"}],"curies":[{"name":"wp","href":"https:\/\/api.w.org\/{rel}","templated":true}]}}