{"id":23990,"date":"2024-01-12T17:10:47","date_gmt":"2024-01-12T23:10:47","guid":{"rendered":"https:\/\/labestiapolitica.com.mx\/?p=23990"},"modified":"2024-01-12T17:10:47","modified_gmt":"2024-01-12T23:10:47","slug":"se-adhiere-congreso-de-tlaxcala-a-exhorto-para-prevenir-enfermedades-renales-en-el-pais","status":"publish","type":"post","link":"https:\/\/labestiapolitica.com.mx\/?p=23990","title":{"rendered":"Se adhiere Congreso de Tlaxcala a exhorto para prevenir enfermedades renales en el pa\u00eds."},"content":{"rendered":"<ul>\n<li style=\"text-align: justify;\">\u00a0Se prioriza la prevenci\u00f3n de estas enfermedades y hacer conciencia sobre la importancia de una hidrataci\u00f3n saludable.<\/li>\n<\/ul>\n<p style=\"text-align: justify;\">\n<p style=\"text-align: justify;\">Durante la cuarta sesi\u00f3n ordinaria de la Comisi\u00f3n Permanente, se aprob\u00f3 la adhesi\u00f3n al acuerdo remitido por el Congreso local de Puebla, por el que se exhorta respetuosamente a la Secretar\u00eda de Salud del Gobierno Federal, para que en coordinaci\u00f3n y apoyo con el Instituto Nacional de Salud P\u00fablica; implementen una campa\u00f1a sobre prevenci\u00f3n de las enfermedades renales cr\u00f3nicas, en las que se mencionen los signos y s\u00edntomas de esta enfermedad, con el prop\u00f3sito de reducir las complicaciones y retrasar la progresi\u00f3n de la enfermedad y se genere conciencia sobre la importancia de la hidrataci\u00f3n saludable y de estimular h\u00e1bitos de hidrataci\u00f3n sana.<\/p>\n<p style=\"text-align: justify;\">En la m\u00e1xima tribuna tlaxcalteca, se recalc\u00f3 que los problemas de salud renal en Tlaxcala son significativos, ya que, de acuerdo a informaci\u00f3n otorgada por la Direcci\u00f3n de Atenci\u00f3n Especializada a la salud, de la Secretar\u00eda de Salud P\u00fablica del Estado de Tlaxcala, durante el periodo de enero 2022-agosto 2023 el n\u00famero total de personas usuarias con enfermedades cr\u00f3nicas ascendi\u00f3 a 1,141 personas, de los cuales 565 son hombres y 576 son mujeres de entre 5 y 99 a\u00f1os de edad.<\/p>\n<p style=\"text-align: justify;\">As\u00ed mismo se destac\u00f3 que durante el periodo de enero-agosto 2023 las diferentes unidades m\u00e9dicas adscritas a la Secretar\u00eda de Salud, registraron la defunci\u00f3n de 103 personas a causa de enfermedades renales cr\u00f3nicas.<\/p>\n<p style=\"text-align: justify;\">En este sentido, las y los diputados locales, consideraron necesario y urgente sumarse a este exhorto para que de manera prioritaria, se generen acciones conjuntas desde lo Federal hasta lo local, y as\u00ed prevenir y controlar las enfermedades renales, y con ello garantizar una vida digna a las y los tlaxcaltecas.<\/p>\n","protected":false},"excerpt":{"rendered":"<p>\u00a0Se prioriza la prevenci\u00f3n de estas enfermedades y hacer conciencia sobre la importancia de una hidrataci\u00f3n saludable. Durante la cuarta sesi\u00f3n ordinaria de la Comisi\u00f3n Permanente, se aprob\u00f3 la adhesi\u00f3n al acuerdo remitido por el Congreso local de Puebla, por el que se exhorta respetuosamente a la Secretar\u00eda de Salud del Gobierno Federal, para que [&hellip;]<\/p>\n","protected":false},"author":3,"featured_media":23991,"comment_status":"open","ping_status":"open","sticky":false,"template":"","format":"standard","meta":{"footnotes":""},"categories":[7],"tags":[],"class_list":["post-23990","post","type-post","status-publish","format-standard","has-post-thumbnail","hentry","category-ciudadanos"],"amp_enabled":true,"_links":{"self":[{"href":"https:\/\/labestiapolitica.com.mx\/index.php?rest_route=\/wp\/v2\/posts\/23990","targetHints":{"allow":["GET"]}}],"collection":[{"href":"https:\/\/labestiapolitica.com.mx\/index.php?rest_route=\/wp\/v2\/posts"}],"about":[{"href":"https:\/\/labestiapolitica.com.mx\/index.php?rest_route=\/wp\/v2\/types\/post"}],"author":[{"embeddable":true,"href":"https:\/\/labestiapolitica.com.mx\/index.php?rest_route=\/wp\/v2\/users\/3"}],"replies":[{"embeddable":true,"href":"https:\/\/labestiapolitica.com.mx\/index.php?rest_route=%2Fwp%2Fv2%2Fcomments&post=23990"}],"version-history":[{"count":1,"href":"https:\/\/labestiapolitica.com.mx\/index.php?rest_route=\/wp\/v2\/posts\/23990\/revisions"}],"predecessor-version":[{"id":23992,"href":"https:\/\/labestiapolitica.com.mx\/index.php?rest_route=\/wp\/v2\/posts\/23990\/revisions\/23992"}],"wp:featuredmedia":[{"embeddable":true,"href":"https:\/\/labestiapolitica.com.mx\/index.php?rest_route=\/wp\/v2\/media\/23991"}],"wp:attachment":[{"href":"https:\/\/labestiapolitica.com.mx\/index.php?rest_route=%2Fwp%2Fv2%2Fmedia&parent=23990"}],"wp:term":[{"taxonomy":"category","embeddable":true,"href":"https:\/\/labestiapolitica.com.mx\/index.php?rest_route=%2Fwp%2Fv2%2Fcategories&post=23990"},{"taxonomy":"post_tag","embeddable":true,"href":"https:\/\/labestiapolitica.com.mx\/index.php?rest_route=%2Fwp%2Fv2%2Ftags&post=23990"}],"curies":[{"name":"wp","href":"https:\/\/api.w.org\/{rel}","templated":true}]}}