{"id":24088,"date":"2024-01-16T12:39:22","date_gmt":"2024-01-16T18:39:22","guid":{"rendered":"https:\/\/labestiapolitica.com.mx\/?p=24088"},"modified":"2024-01-22T11:28:26","modified_gmt":"2024-01-22T17:28:26","slug":"firme-el-respaldo-de-los-tlaxcaltecas-a-favor-de-claudia-sheinbaum-morena","status":"publish","type":"post","link":"https:\/\/labestiapolitica.com.mx\/?p=24088","title":{"rendered":"Firme el respaldo de los tlaxcaltecas a favor de Claudia Sheinbaum: Morena."},"content":{"rendered":"<p style=\"text-align: justify;\">El Comit\u00e9 Ejecutivo Estatal (CEE) de Morena, agradeci\u00f3 las muestras de apoyo de las y los tlaxcaltecas a lo largo de los d\u00edas de precampa\u00f1a a favor de la precandidata \u00fanica a la Presidencia de la Rep\u00fablica, Claudia Sheinbaum Pardo, quien se encuentra como puntera en todas las encuestas.<\/p>\n<p style=\"text-align: justify;\">Ante el gran entusiasmo que se vive entorno a la precandidata, el dirigente morenista, Carlos Augusto P\u00e9rez Hern\u00e1ndez, exhort\u00f3 a militantes y simpatizantes a no bajar la guardia y seguir compartiendo el mensaje de esperanza de la precandidata por la coalici\u00f3n \u201cSeguimos Haciendo Historia\u201d.<\/p>\n<p style=\"text-align: justify;\">En el mismo tenor, Carlos Augusto extendi\u00f3 la invitaci\u00f3n al pueblo de Tlaxcala para acompa\u00f1ar a la Dra. Claudia Sheinbaum a su gran cierre de precampa\u00f1a en la Ciudad de M\u00e9xico el pr\u00f3ximo jueves 18 de enero en el Monumento a la Revoluci\u00f3n en punto de las 16 horas.<\/p>\n<p style=\"text-align: justify;\">\u201cSeguimos caminando en unidad fortaleciendo a este movimiento hist\u00f3rico que encabeza la Dra. Claudia, por lo que el pr\u00f3ximo jueves debemos acompa\u00f1arla y prepararnos todos los morenistas para la campa\u00f1a entrante y construir juntos el Segundo Piso de la Cuarta Transformaci\u00f3n\u201d, expres\u00f3.<\/p>\n<p>&nbsp;<\/p>\n<p>&nbsp;<\/p>\n<p>&nbsp;<\/p>\n<p>&nbsp;<\/p>\n","protected":false},"excerpt":{"rendered":"<p>El Comit\u00e9 Ejecutivo Estatal (CEE) de Morena, agradeci\u00f3 las muestras de apoyo de las y los tlaxcaltecas a lo largo de los d\u00edas de precampa\u00f1a a favor de la precandidata \u00fanica a la Presidencia de la Rep\u00fablica, Claudia Sheinbaum Pardo, quien se encuentra como puntera en todas las encuestas. Ante el gran entusiasmo que se [&hellip;]<\/p>\n","protected":false},"author":3,"featured_media":24089,"comment_status":"open","ping_status":"open","sticky":false,"template":"","format":"standard","meta":{"footnotes":""},"categories":[7],"tags":[],"class_list":["post-24088","post","type-post","status-publish","format-standard","has-post-thumbnail","hentry","category-ciudadanos"],"amp_enabled":true,"_links":{"self":[{"href":"https:\/\/labestiapolitica.com.mx\/index.php?rest_route=\/wp\/v2\/posts\/24088","targetHints":{"allow":["GET"]}}],"collection":[{"href":"https:\/\/labestiapolitica.com.mx\/index.php?rest_route=\/wp\/v2\/posts"}],"about":[{"href":"https:\/\/labestiapolitica.com.mx\/index.php?rest_route=\/wp\/v2\/types\/post"}],"author":[{"embeddable":true,"href":"https:\/\/labestiapolitica.com.mx\/index.php?rest_route=\/wp\/v2\/users\/3"}],"replies":[{"embeddable":true,"href":"https:\/\/labestiapolitica.com.mx\/index.php?rest_route=%2Fwp%2Fv2%2Fcomments&post=24088"}],"version-history":[{"count":1,"href":"https:\/\/labestiapolitica.com.mx\/index.php?rest_route=\/wp\/v2\/posts\/24088\/revisions"}],"predecessor-version":[{"id":24090,"href":"https:\/\/labestiapolitica.com.mx\/index.php?rest_route=\/wp\/v2\/posts\/24088\/revisions\/24090"}],"wp:featuredmedia":[{"embeddable":true,"href":"https:\/\/labestiapolitica.com.mx\/index.php?rest_route=\/wp\/v2\/media\/24089"}],"wp:attachment":[{"href":"https:\/\/labestiapolitica.com.mx\/index.php?rest_route=%2Fwp%2Fv2%2Fmedia&parent=24088"}],"wp:term":[{"taxonomy":"category","embeddable":true,"href":"https:\/\/labestiapolitica.com.mx\/index.php?rest_route=%2Fwp%2Fv2%2Fcategories&post=24088"},{"taxonomy":"post_tag","embeddable":true,"href":"https:\/\/labestiapolitica.com.mx\/index.php?rest_route=%2Fwp%2Fv2%2Ftags&post=24088"}],"curies":[{"name":"wp","href":"https:\/\/api.w.org\/{rel}","templated":true}]}}