{"id":24171,"date":"2024-01-18T11:00:25","date_gmt":"2024-01-18T17:00:25","guid":{"rendered":"https:\/\/labestiapolitica.com.mx\/?p=24171"},"modified":"2024-01-18T11:00:25","modified_gmt":"2024-01-18T17:00:25","slug":"nueva-tesoreria-de-apizaco","status":"publish","type":"post","link":"https:\/\/labestiapolitica.com.mx\/?p=24171","title":{"rendered":"Nueva Tesorer\u00eda de Apizaco."},"content":{"rendered":"<p style=\"text-align: justify;\">\u00a0\u00a1Ya colaron la nueva Tesorer\u00eda de #Apizaco!, el alcalde, Pablo Badillo, dio a conocer los avances de la obra, el dia de ayer martes, comenzaron con el colado.<\/p>\n<p style=\"text-align: justify;\">Resalt\u00f3 que gracias a las contribuciones de los apizaquenses, de los ingresos de parqu\u00edmetros, de las licencias de funcionamiento, es que comenzaron con los trabajos de rehabilitaci\u00f3n no solo de la tesorer\u00eda, tambi\u00e9n de la Presidencia Municipal, adem\u00e1s, de manera hist\u00f3rica han invertido en obra p\u00fablica, principalmente pavimentaci\u00f3n de calles.<\/p>\n","protected":false},"excerpt":{"rendered":"<p>\u00a0\u00a1Ya colaron la nueva Tesorer\u00eda de #Apizaco!, el alcalde, Pablo Badillo, dio a conocer los avances de la obra, el dia de ayer martes, comenzaron con el colado. Resalt\u00f3 que gracias a las contribuciones de los apizaquenses, de los ingresos de parqu\u00edmetros, de las licencias de funcionamiento, es que comenzaron con los trabajos de rehabilitaci\u00f3n [&hellip;]<\/p>\n","protected":false},"author":3,"featured_media":24172,"comment_status":"open","ping_status":"open","sticky":false,"template":"","format":"standard","meta":{"footnotes":""},"categories":[7],"tags":[],"class_list":["post-24171","post","type-post","status-publish","format-standard","has-post-thumbnail","hentry","category-ciudadanos"],"amp_enabled":true,"_links":{"self":[{"href":"https:\/\/labestiapolitica.com.mx\/index.php?rest_route=\/wp\/v2\/posts\/24171","targetHints":{"allow":["GET"]}}],"collection":[{"href":"https:\/\/labestiapolitica.com.mx\/index.php?rest_route=\/wp\/v2\/posts"}],"about":[{"href":"https:\/\/labestiapolitica.com.mx\/index.php?rest_route=\/wp\/v2\/types\/post"}],"author":[{"embeddable":true,"href":"https:\/\/labestiapolitica.com.mx\/index.php?rest_route=\/wp\/v2\/users\/3"}],"replies":[{"embeddable":true,"href":"https:\/\/labestiapolitica.com.mx\/index.php?rest_route=%2Fwp%2Fv2%2Fcomments&post=24171"}],"version-history":[{"count":2,"href":"https:\/\/labestiapolitica.com.mx\/index.php?rest_route=\/wp\/v2\/posts\/24171\/revisions"}],"predecessor-version":[{"id":24862,"href":"https:\/\/labestiapolitica.com.mx\/index.php?rest_route=\/wp\/v2\/posts\/24171\/revisions\/24862"}],"wp:featuredmedia":[{"embeddable":true,"href":"https:\/\/labestiapolitica.com.mx\/index.php?rest_route=\/wp\/v2\/media\/24172"}],"wp:attachment":[{"href":"https:\/\/labestiapolitica.com.mx\/index.php?rest_route=%2Fwp%2Fv2%2Fmedia&parent=24171"}],"wp:term":[{"taxonomy":"category","embeddable":true,"href":"https:\/\/labestiapolitica.com.mx\/index.php?rest_route=%2Fwp%2Fv2%2Fcategories&post=24171"},{"taxonomy":"post_tag","embeddable":true,"href":"https:\/\/labestiapolitica.com.mx\/index.php?rest_route=%2Fwp%2Fv2%2Ftags&post=24171"}],"curies":[{"name":"wp","href":"https:\/\/api.w.org\/{rel}","templated":true}]}}