{"id":24205,"date":"2024-01-18T13:27:11","date_gmt":"2024-01-18T19:27:11","guid":{"rendered":"https:\/\/labestiapolitica.com.mx\/?p=24205"},"modified":"2024-01-18T13:27:11","modified_gmt":"2024-01-18T19:27:11","slug":"tlaxcala-capital-presenta-un-notable-descenso-en-la-percepcion-de-inseguridad","status":"publish","type":"post","link":"https:\/\/labestiapolitica.com.mx\/?p=24205","title":{"rendered":"Tlaxcala Capital presenta un notable descenso en la percepci\u00f3n de inseguridad."},"content":{"rendered":"<ul>\n<li style=\"text-align: justify;\"><span style=\"font-family: Times New Roman, serif;\"><span style=\"font-size: large;\"><i>La implementaci\u00f3n efectiva de estrategias de seguridad y el compromiso continuo del Gobierno Municipal de Tlaxcala se traducen en resultados positivos<\/i><\/span><\/span><\/li>\n<\/ul>\n<p style=\"text-align: justify;\" align=\"justify\"><span style=\"font-family: Times New Roman, serif;\"><span style=\"font-size: large;\">La ciudad de Tlaxcala capital contin\u00faa demostrando avances significativos en la percepci\u00f3n de seguridad, seg\u00fan los resultados obtenidos en la Encuesta Nacional de Seguridad P\u00fablica Urbana (ENSU) correspondiente al cuarto trimestre de 2023.<\/span><\/span><\/p>\n<p style=\"text-align: justify;\" align=\"justify\"><span style=\"font-family: Times New Roman, serif;\"><span style=\"font-size: large;\">Los datos revelan que la percepci\u00f3n de inseguridad en el municipio disminuy\u00f3 notablemente, alcanzando un 43.3 por ciento en dicho trimestre.<\/span><\/span><\/p>\n<p style=\"text-align: justify;\" align=\"justify\"><span style=\"font-family: Times New Roman, serif;\"><span style=\"font-size: large;\">Estos resultados son el fruto de la estrategia de seguridad implementada por la presidenta municipal, Maribel P\u00e9rez Arenas, que prioriza la seguridad ciudadana, a trav\u00e9s de acciones concretas para fortalecer la tranquilidad y confianza de los habitantes de Tlaxcala.<\/span><\/span><\/p>\n<p style=\"text-align: justify;\" align=\"justify\"><span style=\"font-family: Times New Roman, serif;\"><span style=\"font-size: large;\">Entre las acciones emprendidas, se destaca la capacitaci\u00f3n y certificaci\u00f3n de los elementos de seguridad; as\u00ed como su adecuado equipamiento para desarrollar tareas de prevenci\u00f3n y combate al delito. <\/span><\/span><\/p>\n<p style=\"text-align: justify;\" align=\"justify\"><span style=\"font-family: Times New Roman, serif;\"><span style=\"font-size: large;\">La profesionalizaci\u00f3n del personal de seguridad es un pilar fundamental de la estrategia de la presidenta P\u00e9rez Arenas, el cual busca elevar constantemente los est\u00e1ndares de desempe\u00f1o y \u00e9tica en el servicio. <\/span><\/span><\/p>\n<p style=\"text-align: justify;\" align=\"justify\"><span style=\"font-family: Times New Roman, serif;\"><span style=\"font-size: large;\">Esta iniciativa no solo ha mejorado el trabajo de los elementos; tambi\u00e9n consolida la confianza de la ciudadan\u00eda en sus fuerzas de seguridad.<\/span><\/span><\/p>\n<p style=\"text-align: justify;\" align=\"justify\"><span style=\"font-family: Times New Roman, serif;\"><span style=\"font-size: large;\">Asimismo, se intensificaron las labores de vigilancia y seguridad en las 11 comunidades, siete delegaciones y la zona centro de la municipalidad. A trav\u00e9s de una coordinaci\u00f3n efectiva entre las autoridades locales y las fuerzas de seguridad, se ha logrado una presencia activa y disuasoria que contribuye significativamente a la reducci\u00f3n de la percepci\u00f3n de inseguridad.<\/span><\/span><\/p>\n<p style=\"text-align: justify;\" align=\"justify\"><span style=\"font-family: Times New Roman, serif;\"><span style=\"font-size: large;\">El gobierno de Tlaxcala Capital reitera su compromiso inquebrantable con la seguridad ciudadana y continuar\u00e1 trabajando incansablemente para mantener y mejorar estos resultados, en beneficio de la comunidad tlaxcalteca.<\/span><\/span><\/p>\n","protected":false},"excerpt":{"rendered":"<p>La implementaci\u00f3n efectiva de estrategias de seguridad y el compromiso continuo del Gobierno Municipal de Tlaxcala se traducen en resultados positivos La ciudad de Tlaxcala capital contin\u00faa demostrando avances significativos en la percepci\u00f3n de seguridad, seg\u00fan los resultados obtenidos en la Encuesta Nacional de Seguridad P\u00fablica Urbana (ENSU) correspondiente al cuarto trimestre de 2023. Los [&hellip;]<\/p>\n","protected":false},"author":3,"featured_media":24206,"comment_status":"open","ping_status":"open","sticky":false,"template":"","format":"standard","meta":{"footnotes":""},"categories":[7],"tags":[],"class_list":["post-24205","post","type-post","status-publish","format-standard","has-post-thumbnail","hentry","category-ciudadanos"],"amp_enabled":true,"_links":{"self":[{"href":"https:\/\/labestiapolitica.com.mx\/index.php?rest_route=\/wp\/v2\/posts\/24205","targetHints":{"allow":["GET"]}}],"collection":[{"href":"https:\/\/labestiapolitica.com.mx\/index.php?rest_route=\/wp\/v2\/posts"}],"about":[{"href":"https:\/\/labestiapolitica.com.mx\/index.php?rest_route=\/wp\/v2\/types\/post"}],"author":[{"embeddable":true,"href":"https:\/\/labestiapolitica.com.mx\/index.php?rest_route=\/wp\/v2\/users\/3"}],"replies":[{"embeddable":true,"href":"https:\/\/labestiapolitica.com.mx\/index.php?rest_route=%2Fwp%2Fv2%2Fcomments&post=24205"}],"version-history":[{"count":1,"href":"https:\/\/labestiapolitica.com.mx\/index.php?rest_route=\/wp\/v2\/posts\/24205\/revisions"}],"predecessor-version":[{"id":24207,"href":"https:\/\/labestiapolitica.com.mx\/index.php?rest_route=\/wp\/v2\/posts\/24205\/revisions\/24207"}],"wp:featuredmedia":[{"embeddable":true,"href":"https:\/\/labestiapolitica.com.mx\/index.php?rest_route=\/wp\/v2\/media\/24206"}],"wp:attachment":[{"href":"https:\/\/labestiapolitica.com.mx\/index.php?rest_route=%2Fwp%2Fv2%2Fmedia&parent=24205"}],"wp:term":[{"taxonomy":"category","embeddable":true,"href":"https:\/\/labestiapolitica.com.mx\/index.php?rest_route=%2Fwp%2Fv2%2Fcategories&post=24205"},{"taxonomy":"post_tag","embeddable":true,"href":"https:\/\/labestiapolitica.com.mx\/index.php?rest_route=%2Fwp%2Fv2%2Ftags&post=24205"}],"curies":[{"name":"wp","href":"https:\/\/api.w.org\/{rel}","templated":true}]}}