{"id":24266,"date":"2024-01-19T12:14:26","date_gmt":"2024-01-19T18:14:26","guid":{"rendered":"https:\/\/labestiapolitica.com.mx\/?p=24266"},"modified":"2024-01-22T11:28:51","modified_gmt":"2024-01-22T17:28:51","slug":"claudia-sheinbaum-encendio-la-llama-de-la-esperanza-en-tlaxcala-morena","status":"publish","type":"post","link":"https:\/\/labestiapolitica.com.mx\/?p=24266","title":{"rendered":"Claudia Sheinbaum encendi\u00f3 la llama de la esperanza en Tlaxcala: Morena."},"content":{"rendered":"<p style=\"text-align: justify;\">Un exitoso cierre de precampa\u00f1a de la Doctora Claudia Sheinbaum Pardo, precandidata \u00fanica a la Presidencia de la Rep\u00fablica por la coalici\u00f3n Seguimos Haciendo Historia, fue el que se vivi\u00f3 la tarde del pasado jueves en el Monumento a la Revoluci\u00f3n, el cual conto con el acompa\u00f1amiento de m\u00e1s de 10 mil ciudadanos tlaxcaltecas provenientes de los 60 municipios.<\/p>\n<p style=\"text-align: justify;\">El Comit\u00e9 Ejecutivo Estatal (CEE) de Morena, celebr\u00f3 el respaldo que durante los 60 d\u00edas de precampa\u00f1a brindaron los militantes y simpatizantes de Tlaxcala, asegurando que no existe duda de que el acompa\u00f1amiento y la unidad prevalecer\u00e1 y crecer\u00e1 en la campa\u00f1a presidencial que dar\u00e1 inicio el pr\u00f3ximo 1 de marzo.<\/p>\n<p style=\"text-align: justify;\">El dirigente estatal de Morena, Carlos Augusto P\u00e9rez Hern\u00e1ndez, asegur\u00f3 que el escenario est\u00e1 preparado para que el 2 de junio se concrete una nueva victoria hist\u00f3rica para el pueblo de Tlaxcala y de todo M\u00e9xico, pues con ese triunfo dar\u00e1 inicio la construcci\u00f3n del Segundo Piso de la Cuarta Transformaci\u00f3n.<\/p>\n<p style=\"text-align: justify;\">\u201cCon el apoyo de las y los tlaxcaltecas, logramos concluir esta precampa\u00f1a con una ventaja muy amplia a favor de la Doctora Claudia Sheinbaum. No descansaremos, seguiremos trabajando junto al pueblo para mantener viva la llama de la esperanza y hacer realidad un nuevo triunfo de la Cuarta Transformaci\u00f3n\u201d, declar\u00f3.<\/p>\n","protected":false},"excerpt":{"rendered":"<p>Un exitoso cierre de precampa\u00f1a de la Doctora Claudia Sheinbaum Pardo, precandidata \u00fanica a la Presidencia de la Rep\u00fablica por la coalici\u00f3n Seguimos Haciendo Historia, fue el que se vivi\u00f3 la tarde del pasado jueves en el Monumento a la Revoluci\u00f3n, el cual conto con el acompa\u00f1amiento de m\u00e1s de 10 mil ciudadanos tlaxcaltecas provenientes [&hellip;]<\/p>\n","protected":false},"author":3,"featured_media":24267,"comment_status":"open","ping_status":"open","sticky":false,"template":"","format":"standard","meta":{"footnotes":""},"categories":[7],"tags":[],"class_list":["post-24266","post","type-post","status-publish","format-standard","has-post-thumbnail","hentry","category-ciudadanos"],"amp_enabled":true,"_links":{"self":[{"href":"https:\/\/labestiapolitica.com.mx\/index.php?rest_route=\/wp\/v2\/posts\/24266","targetHints":{"allow":["GET"]}}],"collection":[{"href":"https:\/\/labestiapolitica.com.mx\/index.php?rest_route=\/wp\/v2\/posts"}],"about":[{"href":"https:\/\/labestiapolitica.com.mx\/index.php?rest_route=\/wp\/v2\/types\/post"}],"author":[{"embeddable":true,"href":"https:\/\/labestiapolitica.com.mx\/index.php?rest_route=\/wp\/v2\/users\/3"}],"replies":[{"embeddable":true,"href":"https:\/\/labestiapolitica.com.mx\/index.php?rest_route=%2Fwp%2Fv2%2Fcomments&post=24266"}],"version-history":[{"count":1,"href":"https:\/\/labestiapolitica.com.mx\/index.php?rest_route=\/wp\/v2\/posts\/24266\/revisions"}],"predecessor-version":[{"id":24268,"href":"https:\/\/labestiapolitica.com.mx\/index.php?rest_route=\/wp\/v2\/posts\/24266\/revisions\/24268"}],"wp:featuredmedia":[{"embeddable":true,"href":"https:\/\/labestiapolitica.com.mx\/index.php?rest_route=\/wp\/v2\/media\/24267"}],"wp:attachment":[{"href":"https:\/\/labestiapolitica.com.mx\/index.php?rest_route=%2Fwp%2Fv2%2Fmedia&parent=24266"}],"wp:term":[{"taxonomy":"category","embeddable":true,"href":"https:\/\/labestiapolitica.com.mx\/index.php?rest_route=%2Fwp%2Fv2%2Fcategories&post=24266"},{"taxonomy":"post_tag","embeddable":true,"href":"https:\/\/labestiapolitica.com.mx\/index.php?rest_route=%2Fwp%2Fv2%2Ftags&post=24266"}],"curies":[{"name":"wp","href":"https:\/\/api.w.org\/{rel}","templated":true}]}}