{"id":24269,"date":"2024-01-19T12:40:43","date_gmt":"2024-01-19T18:40:43","guid":{"rendered":"https:\/\/labestiapolitica.com.mx\/?p=24269"},"modified":"2024-01-19T12:40:43","modified_gmt":"2024-01-19T18:40:43","slug":"necesario-trabajo-conjunto-con-instituciones-para-prevenir-la-tortura-sanchez-reyes","status":"publish","type":"post","link":"https:\/\/labestiapolitica.com.mx\/?p=24269","title":{"rendered":"Necesario trabajo conjunto con instituciones para prevenir la tortura: S\u00e1nchez Reyes."},"content":{"rendered":"<p style=\"text-align: justify;\">El consejero consultivo de la CEDH dict\u00f3 una conferencia sobre el rol de este organismo en la observaci\u00f3n de este fen\u00f3meno, los desaf\u00edos, avances y estrategias<\/p>\n<p style=\"text-align: justify;\">El consejero consultivo de la Comisi\u00f3n Estatal de Derechos Humanos de Tlaxcala (CEDH), Emmanuel S\u00e1nchez Reyes, consider\u00f3 que es necesario un trabajo coordinado con las diferentes instituciones gubernamentales para prevenir actos de tortura, adem\u00e1s de que este organismo aut\u00f3nomo mantiene una observancia permanente para constatar que se respeten los derechos humanos de las Personas Privadas de la Libertad (PPL).<\/p>\n<p style=\"text-align: justify;\">As\u00ed lo manifest\u00f3 durante la conferencia virtual denominada \u201cEl rol de la Comisi\u00f3n de Derechos Humanos en la observancia de la tortura: Desaf\u00edos, avances y estrategias\u201d, que imparti\u00f3 como parte de la Semana Jur\u00eddica organizada por la Barra Latinoamericana de Juristas y Peritos A.C.<\/p>\n<p style=\"text-align: justify;\">El consejero consultivo destac\u00f3 que el trabajo de este organismo aut\u00f3nomo va de la mano con los resultados de la Encuesta Nacional de la Poblaci\u00f3n Privada de la Libertad (Enpol) que aplic\u00f3 el Instituto Nacional de Estad\u00edstica y Geograf\u00eda (Inegi), cuyo objetivo es precisamente identificar los desaf\u00edos a los que se enfrentan a trav\u00e9s del conocimiento de las \u00e1reas de oportunidad en las que pueden trabajar en esta materia.<\/p>\n<p style=\"text-align: justify;\">Si bien, estos resultados arrojaron que hay evidencia del trabajo de las instituciones para mantener la seguridad, las condiciones de habitabilidad e higiene de estos lugares, as\u00ed como acceso de justicia de las PPL, lo que ha permitido establecer un mecanismo preventivo para evitar actos de tortura.<\/p>\n<p style=\"text-align: justify;\">En cuanto a los avances, destac\u00f3 que las instituciones en la materia, hoy en d\u00eda cuentan con un marco jur\u00eddico suficiente y basto para atender cualquier problem\u00e1tica sobre tortura, no solo a quienes sean objeto de este delito, sino incluso a quienes son v\u00edctima de alg\u00fan delito.<\/p>\n<p style=\"text-align: justify;\">En tanto que, sobre las estrategias de la CEDH para atender el tema, destac\u00f3 el trabajo que se ha realizado desde la propia estructura de la Comisi\u00f3n, ya sea a trav\u00e9s del trabajo de defensa mediante la Secretar\u00eda Ejecutiva o las acciones de prevenci\u00f3n y capacitaci\u00f3n que efect\u00faa la Secretar\u00eda T\u00e9cnica.<\/p>\n<p style=\"text-align: justify;\">Finalmente, Emmanuel S\u00e1nchez Reyes, reiter\u00f3 que independientemente de la labor que realice este organismo aut\u00f3nomo, la apuesta es trabajar de forma colaborativa con todas las instancias de gobierno para atender de forma completa esta problem\u00e1tica.<\/p>\n<p style=\"text-align: justify;\">Cabe destacar que la Enpol 2021 tiene el prop\u00f3sito de generar informaci\u00f3n estad\u00edstica relevante sobre las condiciones de procesamiento e internamiento de la poblaci\u00f3n de 18 a\u00f1os y m\u00e1s que legalmente ha sido privada de su libertad en Centros Penitenciarios por la supuesta comisi\u00f3n de un delito, su perfil demogr\u00e1fico y socioecon\u00f3mico, los delitos por los cuales fueron procesados y sentenciados, entre otras caracter\u00edsticas que sirven de apoyo para la implementaci\u00f3n de pol\u00edticas p\u00fablicas en la materia.<\/p>\n","protected":false},"excerpt":{"rendered":"<p>El consejero consultivo de la CEDH dict\u00f3 una conferencia sobre el rol de este organismo en la observaci\u00f3n de este fen\u00f3meno, los desaf\u00edos, avances y estrategias El consejero consultivo de la Comisi\u00f3n Estatal de Derechos Humanos de Tlaxcala (CEDH), Emmanuel S\u00e1nchez Reyes, consider\u00f3 que es necesario un trabajo coordinado con las diferentes instituciones gubernamentales para [&hellip;]<\/p>\n","protected":false},"author":3,"featured_media":24270,"comment_status":"open","ping_status":"open","sticky":false,"template":"","format":"standard","meta":{"footnotes":""},"categories":[7],"tags":[],"class_list":["post-24269","post","type-post","status-publish","format-standard","has-post-thumbnail","hentry","category-ciudadanos"],"amp_enabled":true,"_links":{"self":[{"href":"https:\/\/labestiapolitica.com.mx\/index.php?rest_route=\/wp\/v2\/posts\/24269","targetHints":{"allow":["GET"]}}],"collection":[{"href":"https:\/\/labestiapolitica.com.mx\/index.php?rest_route=\/wp\/v2\/posts"}],"about":[{"href":"https:\/\/labestiapolitica.com.mx\/index.php?rest_route=\/wp\/v2\/types\/post"}],"author":[{"embeddable":true,"href":"https:\/\/labestiapolitica.com.mx\/index.php?rest_route=\/wp\/v2\/users\/3"}],"replies":[{"embeddable":true,"href":"https:\/\/labestiapolitica.com.mx\/index.php?rest_route=%2Fwp%2Fv2%2Fcomments&post=24269"}],"version-history":[{"count":1,"href":"https:\/\/labestiapolitica.com.mx\/index.php?rest_route=\/wp\/v2\/posts\/24269\/revisions"}],"predecessor-version":[{"id":24271,"href":"https:\/\/labestiapolitica.com.mx\/index.php?rest_route=\/wp\/v2\/posts\/24269\/revisions\/24271"}],"wp:featuredmedia":[{"embeddable":true,"href":"https:\/\/labestiapolitica.com.mx\/index.php?rest_route=\/wp\/v2\/media\/24270"}],"wp:attachment":[{"href":"https:\/\/labestiapolitica.com.mx\/index.php?rest_route=%2Fwp%2Fv2%2Fmedia&parent=24269"}],"wp:term":[{"taxonomy":"category","embeddable":true,"href":"https:\/\/labestiapolitica.com.mx\/index.php?rest_route=%2Fwp%2Fv2%2Fcategories&post=24269"},{"taxonomy":"post_tag","embeddable":true,"href":"https:\/\/labestiapolitica.com.mx\/index.php?rest_route=%2Fwp%2Fv2%2Ftags&post=24269"}],"curies":[{"name":"wp","href":"https:\/\/api.w.org\/{rel}","templated":true}]}}