{"id":24294,"date":"2024-01-19T16:06:40","date_gmt":"2024-01-19T22:06:40","guid":{"rendered":"https:\/\/labestiapolitica.com.mx\/?p=24294"},"modified":"2024-01-19T16:06:40","modified_gmt":"2024-01-19T22:06:40","slug":"apuesta-styc-a-mas-oportunidades-laborales-para-las-mujeres-en-tlaxcala","status":"publish","type":"post","link":"https:\/\/labestiapolitica.com.mx\/?p=24294","title":{"rendered":"Apuesta STyC a m\u00e1s oportunidades laborales para las mujeres en Tlaxcala."},"content":{"rendered":"<ul>\n<li style=\"text-align: justify;\">Se llev\u00f3 a cabo el Foro \u201cContrato colectivo con perspectiva de g\u00e9nero e inclusi\u00f3n\u201d<\/li>\n<\/ul>\n<p style=\"text-align: justify;\">La Secretar\u00eda del Trabajo y Competitividad (STyC), apuesta a que haya m\u00e1s oportunidades laborales para las mujeres en Tlaxcala, que implica mejor salario, as\u00ed como ascensos, afirm\u00f3 el titular de la dependencia, No\u00e9 Altamirano Islas.<\/p>\n<p style=\"text-align: justify;\">Lo anterior, tras inaugurar el Foro \u201cContrato colectivo con perspectiva de g\u00e9nero e inclusi\u00f3n\u201d, el servidor p\u00fablico asegur\u00f3 que el gobierno del estado, busca adem\u00e1s del impulso econ\u00f3mico, el desarrollo integral de los empleados, con especial \u00e9nfasis a la integraci\u00f3n de la mujer a la vida laboral.<\/p>\n<p style=\"text-align: justify;\">\u201cEs muy importante complementar esfuerzos para garantizar el trato digno, libre de discriminaci\u00f3n y de violencia hacia los trabajadores, sobre todo a favor de las mujeres\u201d, acentu\u00f3.<\/p>\n<p style=\"text-align: justify;\">En el teatro Xicoht\u00e9ncatl de la ciudad de Tlaxcala, Altamirano Islas, reiter\u00f3 que es una indicaci\u00f3n de la mandataria local, Lorena Cu\u00e9llar Cisneros vigilar que haya igualdad en los centros de trabajo, sobre todo que esta sea efectiva.<\/p>\n<p style=\"text-align: justify;\">\u201cSe trabaja para que las empresas, los empleados y todos los actores abonemos a realizar acciones efectivas para eliminar la discriminaci\u00f3n contra las mujeres, adem\u00e1s que haya respeto, as\u00ed como el goce de los derechos de todos\u201d.<\/p>\n<p style=\"text-align: justify;\">Ante los representantes de empresas y sindicales, as\u00ed como trabajadores, precis\u00f3 que en dos a\u00f1os en la entidad se destinaron 124 millones de pesos para impulsar proyectos productivos de 45 mil mujeres del sector agropecuario.<\/p>\n<p style=\"text-align: justify;\">Adem\u00e1s, a trav\u00e9s del Sistema Estatal para el Desarrollo Integral de la Familia (Sedif), en el mismo periodo, se invirtieron m\u00e1s de 30 millones de pesos en beneficio de mil 200 madres solteras.<\/p>\n<p style=\"text-align: justify;\">Asimismo, sum\u00f3 otras acciones institucionales, que han abonado a que las mujeres sean aut\u00f3nomas, pero, adem\u00e1s tambi\u00e9n cuenten con los servicios de salud, para evitar enfermedades propias de este g\u00e9nero.<\/p>\n<p style=\"text-align: justify;\">Insisti\u00f3 que la dependencia a su cargo vela por el respeto de los derechos laborales, tanto individuales como colectivos de los trabajadores; por lo que este a\u00f1o realizar\u00e1n m\u00e1s de 6 mil 400 inspecciones para vigilar el cumplimiento de las condiciones laborales de seguridad e higiene, adem\u00e1s de la capacitaci\u00f3n y adiestramiento.<\/p>\n<p style=\"text-align: justify;\">\u201cTenemos el compromiso firme para tener un entorno donde se celebre la diversidad en todas sus formas, porque todos merecen las mismas oportunidades en el \u00e1mbito laboral\u201d, puntualiz\u00f3.<br \/>\nAl evento acudieron comisiones revisoras de los contratos colectivos de las empresas que conforman trabajadores y representantes sindicales.<\/p>\n<p style=\"text-align: justify;\">Adem\u00e1s, se firm\u00f3 el acuerdo para inducir la perspectiva de g\u00e9nero con la directora del Proyecto Mejorar la Igualdad Sustantiva de G\u00e9nero en el lugar de trabajo en M\u00e9xico (GEM), Alma Clarisa Rico D\u00edaz.<\/p>\n<p style=\"text-align: justify;\">Con esta actividad la STyC se dotar\u00e1 de informaci\u00f3n sobre la perspectiva de g\u00e9nero en los contratos colectivos, a fin de que se cumpla con este aspecto a favor de las mujeres de la entidad.<\/p>\n","protected":false},"excerpt":{"rendered":"<p>Se llev\u00f3 a cabo el Foro \u201cContrato colectivo con perspectiva de g\u00e9nero e inclusi\u00f3n\u201d La Secretar\u00eda del Trabajo y Competitividad (STyC), apuesta a que haya m\u00e1s oportunidades laborales para las mujeres en Tlaxcala, que implica mejor salario, as\u00ed como ascensos, afirm\u00f3 el titular de la dependencia, No\u00e9 Altamirano Islas. Lo anterior, tras inaugurar el Foro [&hellip;]<\/p>\n","protected":false},"author":3,"featured_media":24295,"comment_status":"open","ping_status":"open","sticky":false,"template":"","format":"standard","meta":{"footnotes":""},"categories":[7],"tags":[],"class_list":["post-24294","post","type-post","status-publish","format-standard","has-post-thumbnail","hentry","category-ciudadanos"],"amp_enabled":true,"_links":{"self":[{"href":"https:\/\/labestiapolitica.com.mx\/index.php?rest_route=\/wp\/v2\/posts\/24294","targetHints":{"allow":["GET"]}}],"collection":[{"href":"https:\/\/labestiapolitica.com.mx\/index.php?rest_route=\/wp\/v2\/posts"}],"about":[{"href":"https:\/\/labestiapolitica.com.mx\/index.php?rest_route=\/wp\/v2\/types\/post"}],"author":[{"embeddable":true,"href":"https:\/\/labestiapolitica.com.mx\/index.php?rest_route=\/wp\/v2\/users\/3"}],"replies":[{"embeddable":true,"href":"https:\/\/labestiapolitica.com.mx\/index.php?rest_route=%2Fwp%2Fv2%2Fcomments&post=24294"}],"version-history":[{"count":1,"href":"https:\/\/labestiapolitica.com.mx\/index.php?rest_route=\/wp\/v2\/posts\/24294\/revisions"}],"predecessor-version":[{"id":24296,"href":"https:\/\/labestiapolitica.com.mx\/index.php?rest_route=\/wp\/v2\/posts\/24294\/revisions\/24296"}],"wp:featuredmedia":[{"embeddable":true,"href":"https:\/\/labestiapolitica.com.mx\/index.php?rest_route=\/wp\/v2\/media\/24295"}],"wp:attachment":[{"href":"https:\/\/labestiapolitica.com.mx\/index.php?rest_route=%2Fwp%2Fv2%2Fmedia&parent=24294"}],"wp:term":[{"taxonomy":"category","embeddable":true,"href":"https:\/\/labestiapolitica.com.mx\/index.php?rest_route=%2Fwp%2Fv2%2Fcategories&post=24294"},{"taxonomy":"post_tag","embeddable":true,"href":"https:\/\/labestiapolitica.com.mx\/index.php?rest_route=%2Fwp%2Fv2%2Ftags&post=24294"}],"curies":[{"name":"wp","href":"https:\/\/api.w.org\/{rel}","templated":true}]}}