{"id":24311,"date":"2024-01-19T19:57:38","date_gmt":"2024-01-20T01:57:38","guid":{"rendered":"https:\/\/labestiapolitica.com.mx\/?p=24311"},"modified":"2024-01-19T19:57:38","modified_gmt":"2024-01-20T01:57:38","slug":"celebra-grupo-interdisciplinario-del-archivo-de-la-pgje-primera-sesion-ordinaria","status":"publish","type":"post","link":"https:\/\/labestiapolitica.com.mx\/?p=24311","title":{"rendered":"Celebra grupo interdisciplinario del archivo de la PGJE primera sesi\u00f3n ordinaria."},"content":{"rendered":"<p style=\"text-align: justify;\">El Grupo Interdisciplinario del Archivo de la Procuradur\u00eda General de Justicia del Estado (PGJE) celebr\u00f3 la primera sesi\u00f3n ordinaria.<\/p>\n<p style=\"text-align: justify;\">En representaci\u00f3n de la titular de la PGJE, Ernestina Carro Rold\u00e1n, la subprocuradora de Operaciones, Mar\u00eda Azucena Jim\u00e9nez Pacheco destac\u00f3 la importancia de continuar con las actividades en materia de archivo, ya que coadyuvar\u00e1n a que todos los sectores de la poblaci\u00f3n conozcan la historia de la Procuradur\u00eda.<\/p>\n<p style=\"text-align: justify;\">En tanto, el jefe de la Unidad de Archivo, Marcos Alan Hern\u00e1ndez Curiel invit\u00f3 a los titulares que forman parte del Grupo Interdisciplinario a continuar con el trabajo coordinado, el cual es fundamental para entregar un legado hist\u00f3rico adecuado a las nuevas generaciones.<\/p>\n<p style=\"text-align: justify;\">Como parte de la sesi\u00f3n, los integrantes del Grupo Interdisciplinario del Archivo aprobaron el calendario de sesiones ordinarias, as\u00ed como, el Programa Anual de Desarrollo Archiv\u00edstico (PADA) 2024, el cual establece las actividades que se desarrollar\u00e1n durante el a\u00f1o, a fin de continuar con la correcta organizaci\u00f3n archiv\u00edstica de la PGJE.<\/p>\n<p style=\"text-align: justify;\">A la sesi\u00f3n asistieron el jefe de la Unidad de Planeaci\u00f3n y Transparencia, Olaf Floresolayo Hern\u00e1ndez; la titular del departamento de Servicios Periciales, Mar\u00eda Reyna Rivera Sosa; el titular del departamento de Atenci\u00f3n Integral y Justicia Alternativa,Germ\u00e1n Mendoza Papalotzi y el responsable del \u00e1rea de Tecnolog\u00edas de la Informaci\u00f3n, Flavio Camacho Ju\u00e1rez.<\/p>\n","protected":false},"excerpt":{"rendered":"<p>El Grupo Interdisciplinario del Archivo de la Procuradur\u00eda General de Justicia del Estado (PGJE) celebr\u00f3 la primera sesi\u00f3n ordinaria. En representaci\u00f3n de la titular de la PGJE, Ernestina Carro Rold\u00e1n, la subprocuradora de Operaciones, Mar\u00eda Azucena Jim\u00e9nez Pacheco destac\u00f3 la importancia de continuar con las actividades en materia de archivo, ya que coadyuvar\u00e1n a que [&hellip;]<\/p>\n","protected":false},"author":3,"featured_media":24312,"comment_status":"open","ping_status":"open","sticky":false,"template":"","format":"standard","meta":{"footnotes":""},"categories":[7],"tags":[],"class_list":["post-24311","post","type-post","status-publish","format-standard","has-post-thumbnail","hentry","category-ciudadanos"],"amp_enabled":true,"_links":{"self":[{"href":"https:\/\/labestiapolitica.com.mx\/index.php?rest_route=\/wp\/v2\/posts\/24311","targetHints":{"allow":["GET"]}}],"collection":[{"href":"https:\/\/labestiapolitica.com.mx\/index.php?rest_route=\/wp\/v2\/posts"}],"about":[{"href":"https:\/\/labestiapolitica.com.mx\/index.php?rest_route=\/wp\/v2\/types\/post"}],"author":[{"embeddable":true,"href":"https:\/\/labestiapolitica.com.mx\/index.php?rest_route=\/wp\/v2\/users\/3"}],"replies":[{"embeddable":true,"href":"https:\/\/labestiapolitica.com.mx\/index.php?rest_route=%2Fwp%2Fv2%2Fcomments&post=24311"}],"version-history":[{"count":1,"href":"https:\/\/labestiapolitica.com.mx\/index.php?rest_route=\/wp\/v2\/posts\/24311\/revisions"}],"predecessor-version":[{"id":24313,"href":"https:\/\/labestiapolitica.com.mx\/index.php?rest_route=\/wp\/v2\/posts\/24311\/revisions\/24313"}],"wp:featuredmedia":[{"embeddable":true,"href":"https:\/\/labestiapolitica.com.mx\/index.php?rest_route=\/wp\/v2\/media\/24312"}],"wp:attachment":[{"href":"https:\/\/labestiapolitica.com.mx\/index.php?rest_route=%2Fwp%2Fv2%2Fmedia&parent=24311"}],"wp:term":[{"taxonomy":"category","embeddable":true,"href":"https:\/\/labestiapolitica.com.mx\/index.php?rest_route=%2Fwp%2Fv2%2Fcategories&post=24311"},{"taxonomy":"post_tag","embeddable":true,"href":"https:\/\/labestiapolitica.com.mx\/index.php?rest_route=%2Fwp%2Fv2%2Ftags&post=24311"}],"curies":[{"name":"wp","href":"https:\/\/api.w.org\/{rel}","templated":true}]}}