{"id":24323,"date":"2024-01-19T20:22:17","date_gmt":"2024-01-20T02:22:17","guid":{"rendered":"https:\/\/labestiapolitica.com.mx\/?p=24323"},"modified":"2024-01-19T20:22:17","modified_gmt":"2024-01-20T02:22:17","slug":"concluyeron-los-foros-de-movilidad-y-seguridad-vial","status":"publish","type":"post","link":"https:\/\/labestiapolitica.com.mx\/?p=24323","title":{"rendered":"Concluyeron los \u201cForos de Movilidad y Seguridad Vial\u201d."},"content":{"rendered":"<div class=\"xdj266r x11i5rnm xat24cr x1mh8g0r x1vvkbs x126k92a\">\n<div dir=\"auto\">Este viernes, en el municipio de Zacatelco concluyeron los foros de consulta ciudadana denominados \u201cForos de Movilidad y Seguridad Vial\u201d, organizados de manera coordinada entre el diputado local Jorge Caballero Rom\u00e1n, presidente de la Comisi\u00f3n de Movilidad, Comunicaciones y Transportes de la LXIV Legislatura y la Secretar\u00eda de Movilidad y Transporte del Estado de Tlaxcala.<\/div>\n<div dir=\"auto\"><\/div>\n<\/div>\n<div class=\"x11i5rnm xat24cr x1mh8g0r x1vvkbs xtlvy1s x126k92a\">\n<div dir=\"auto\">M\u00e1s informaci\u00f3n aqu\u00ed <span class=\"x3nfvp2 x1j61x8r x1fcty0u xdj266r xhhsvwb xat24cr xgzva0m xxymvpz xlup9mm x1kky2od\"><img loading=\"lazy\" decoding=\"async\" class=\"xz74otr\" src=\"https:\/\/static.xx.fbcdn.net\/images\/emoji.php\/v9\/t51\/1\/16\/1f449.png\" alt=\"\ud83d\udc49\" width=\"16\" height=\"16\" \/><\/span><a class=\"x1i10hfl xjbqb8w x6umtig x1b1mbwd xaqea5y xav7gou x9f619 x1ypdohk xt0psk2 xe8uvvx xdj266r x11i5rnm xat24cr x1mh8g0r xexx8yu x4uap5 x18d9i69 xkhd6sd x16tdsg8 x1hl2dhg xggy1nq x1a2a7pz xt0b8zv x1fey0fg\" tabindex=\"0\" role=\"link\" href=\"https:\/\/congresodetlaxcala.gob.mx\/concluyen-foros-movilidad-seguridad-vial\/?fbclid=IwAR2jyUkPxBocZ2N53h-RtgcoE2I6JbHjbARsIU8RMUL2H09x8X5k7Z0XxTI\" target=\"_blank\" rel=\"nofollow noopener noreferrer\">https:\/\/congresodetlaxcala.gob.mx\/concluyen-foros&#8230;\/<\/a><\/div>\n<\/div>\n","protected":false},"excerpt":{"rendered":"<p>Este viernes, en el municipio de Zacatelco concluyeron los foros de consulta ciudadana denominados \u201cForos de Movilidad y Seguridad Vial\u201d, organizados de manera coordinada entre el diputado local Jorge Caballero Rom\u00e1n, presidente de la Comisi\u00f3n de Movilidad, Comunicaciones y Transportes de la LXIV Legislatura y la Secretar\u00eda de Movilidad y Transporte del Estado de Tlaxcala. [&hellip;]<\/p>\n","protected":false},"author":3,"featured_media":24324,"comment_status":"open","ping_status":"open","sticky":false,"template":"","format":"standard","meta":{"footnotes":""},"categories":[7],"tags":[],"class_list":["post-24323","post","type-post","status-publish","format-standard","has-post-thumbnail","hentry","category-ciudadanos"],"amp_enabled":true,"_links":{"self":[{"href":"https:\/\/labestiapolitica.com.mx\/index.php?rest_route=\/wp\/v2\/posts\/24323","targetHints":{"allow":["GET"]}}],"collection":[{"href":"https:\/\/labestiapolitica.com.mx\/index.php?rest_route=\/wp\/v2\/posts"}],"about":[{"href":"https:\/\/labestiapolitica.com.mx\/index.php?rest_route=\/wp\/v2\/types\/post"}],"author":[{"embeddable":true,"href":"https:\/\/labestiapolitica.com.mx\/index.php?rest_route=\/wp\/v2\/users\/3"}],"replies":[{"embeddable":true,"href":"https:\/\/labestiapolitica.com.mx\/index.php?rest_route=%2Fwp%2Fv2%2Fcomments&post=24323"}],"version-history":[{"count":1,"href":"https:\/\/labestiapolitica.com.mx\/index.php?rest_route=\/wp\/v2\/posts\/24323\/revisions"}],"predecessor-version":[{"id":24325,"href":"https:\/\/labestiapolitica.com.mx\/index.php?rest_route=\/wp\/v2\/posts\/24323\/revisions\/24325"}],"wp:featuredmedia":[{"embeddable":true,"href":"https:\/\/labestiapolitica.com.mx\/index.php?rest_route=\/wp\/v2\/media\/24324"}],"wp:attachment":[{"href":"https:\/\/labestiapolitica.com.mx\/index.php?rest_route=%2Fwp%2Fv2%2Fmedia&parent=24323"}],"wp:term":[{"taxonomy":"category","embeddable":true,"href":"https:\/\/labestiapolitica.com.mx\/index.php?rest_route=%2Fwp%2Fv2%2Fcategories&post=24323"},{"taxonomy":"post_tag","embeddable":true,"href":"https:\/\/labestiapolitica.com.mx\/index.php?rest_route=%2Fwp%2Fv2%2Ftags&post=24323"}],"curies":[{"name":"wp","href":"https:\/\/api.w.org\/{rel}","templated":true}]}}