{"id":24326,"date":"2024-01-19T20:24:07","date_gmt":"2024-01-20T02:24:07","guid":{"rendered":"https:\/\/labestiapolitica.com.mx\/?p=24326"},"modified":"2024-01-19T20:24:07","modified_gmt":"2024-01-20T02:24:07","slug":"comparecencia-del-titular-de-la-secretaria-de-educacion-publica","status":"publish","type":"post","link":"https:\/\/labestiapolitica.com.mx\/?p=24326","title":{"rendered":"Comparecencia del titular de la Secretar\u00eda de Educaci\u00f3n P\u00fablica."},"content":{"rendered":"<div class=\"xdj266r x11i5rnm xat24cr x1mh8g0r x1vvkbs x126k92a\">\n<div dir=\"auto\">En el Sal\u00f3n Rojo del Palacio Legislativo, las y los diputados locales, desarrollaron la comparecencia del titular de la Secretar\u00eda de Educaci\u00f3n P\u00fablica, con motivo de la glosa del Segundo Informe de Gobierno, a fin de garantizar que las y los tlaxcaltecas accedan a su derecho a la informaci\u00f3n, favoreciendo en todo momento la transparencia y la rendici\u00f3n de cuentas.<\/div>\n<\/div>\n<div class=\"x11i5rnm xat24cr x1mh8g0r x1vvkbs xtlvy1s x126k92a\">\n<div dir=\"auto\">M\u00e1s informaci\u00f3n aqu\u00ed <span class=\"x3nfvp2 x1j61x8r x1fcty0u xdj266r xhhsvwb xat24cr xgzva0m xxymvpz xlup9mm x1kky2od\"><img loading=\"lazy\" decoding=\"async\" class=\"xz74otr\" src=\"https:\/\/static.xx.fbcdn.net\/images\/emoji.php\/v9\/t51\/1\/16\/1f449.png\" alt=\"\ud83d\udc49\" width=\"16\" height=\"16\" \/><\/span><a class=\"x1i10hfl xjbqb8w x6umtig x1b1mbwd xaqea5y xav7gou x9f619 x1ypdohk xt0psk2 xe8uvvx xdj266r x11i5rnm xat24cr x1mh8g0r xexx8yu x4uap5 x18d9i69 xkhd6sd x16tdsg8 x1hl2dhg xggy1nq x1a2a7pz xt0b8zv x1fey0fg\" tabindex=\"0\" role=\"link\" href=\"https:\/\/congresodetlaxcala.gob.mx\/ambiente-respeto-comparecio-secretario-educacion-publica-ante-congreso-local\/?fbclid=IwAR0JHtoNn3MdSAaTa-4qGKidzw6PxTpVvoXT9ZrAPMTP5SoJj8xHu0qjaSI\" target=\"_blank\" rel=\"nofollow noopener noreferrer\">https:\/\/congresodetlaxcala.gob.mx\/ambiente-respeto&#8230;\/<\/a><\/div>\n<\/div>\n","protected":false},"excerpt":{"rendered":"<p>En el Sal\u00f3n Rojo del Palacio Legislativo, las y los diputados locales, desarrollaron la comparecencia del titular de la Secretar\u00eda de Educaci\u00f3n P\u00fablica, con motivo de la glosa del Segundo Informe de Gobierno, a fin de garantizar que las y los tlaxcaltecas accedan a su derecho a la informaci\u00f3n, favoreciendo en todo momento la transparencia [&hellip;]<\/p>\n","protected":false},"author":3,"featured_media":24327,"comment_status":"open","ping_status":"open","sticky":false,"template":"","format":"standard","meta":{"footnotes":""},"categories":[7],"tags":[],"class_list":["post-24326","post","type-post","status-publish","format-standard","has-post-thumbnail","hentry","category-ciudadanos"],"amp_enabled":true,"_links":{"self":[{"href":"https:\/\/labestiapolitica.com.mx\/index.php?rest_route=\/wp\/v2\/posts\/24326","targetHints":{"allow":["GET"]}}],"collection":[{"href":"https:\/\/labestiapolitica.com.mx\/index.php?rest_route=\/wp\/v2\/posts"}],"about":[{"href":"https:\/\/labestiapolitica.com.mx\/index.php?rest_route=\/wp\/v2\/types\/post"}],"author":[{"embeddable":true,"href":"https:\/\/labestiapolitica.com.mx\/index.php?rest_route=\/wp\/v2\/users\/3"}],"replies":[{"embeddable":true,"href":"https:\/\/labestiapolitica.com.mx\/index.php?rest_route=%2Fwp%2Fv2%2Fcomments&post=24326"}],"version-history":[{"count":1,"href":"https:\/\/labestiapolitica.com.mx\/index.php?rest_route=\/wp\/v2\/posts\/24326\/revisions"}],"predecessor-version":[{"id":24328,"href":"https:\/\/labestiapolitica.com.mx\/index.php?rest_route=\/wp\/v2\/posts\/24326\/revisions\/24328"}],"wp:featuredmedia":[{"embeddable":true,"href":"https:\/\/labestiapolitica.com.mx\/index.php?rest_route=\/wp\/v2\/media\/24327"}],"wp:attachment":[{"href":"https:\/\/labestiapolitica.com.mx\/index.php?rest_route=%2Fwp%2Fv2%2Fmedia&parent=24326"}],"wp:term":[{"taxonomy":"category","embeddable":true,"href":"https:\/\/labestiapolitica.com.mx\/index.php?rest_route=%2Fwp%2Fv2%2Fcategories&post=24326"},{"taxonomy":"post_tag","embeddable":true,"href":"https:\/\/labestiapolitica.com.mx\/index.php?rest_route=%2Fwp%2Fv2%2Ftags&post=24326"}],"curies":[{"name":"wp","href":"https:\/\/api.w.org\/{rel}","templated":true}]}}