{"id":24340,"date":"2024-01-22T11:41:26","date_gmt":"2024-01-22T17:41:26","guid":{"rendered":"https:\/\/labestiapolitica.com.mx\/?p=24340"},"modified":"2024-01-22T11:41:26","modified_gmt":"2024-01-22T17:41:26","slug":"morena-seguira-gobernando-chiautempan-con-la-fuerza-del-pueblo","status":"publish","type":"post","link":"https:\/\/labestiapolitica.com.mx\/?p=24340","title":{"rendered":"Morena seguir\u00e1 gobernando Chiautempan con la fuerza del pueblo."},"content":{"rendered":"<p style=\"text-align: justify;\">Con la primicia de que la unidad es garant\u00eda de continuidad para la Cuarta Transformaci\u00f3n, en el municipio de Chiautempan se firm\u00f3 un acuerdo que evitar\u00e1 la divisi\u00f3n partidista y que permitir\u00e1 repetir una victoria contundente el pr\u00f3ximo 2 de junio.<\/p>\n<p style=\"text-align: justify;\">El \u201cCompromiso por Chiautempan\u201d fue un acto hist\u00f3rico que reuni\u00f3 a las y los aspirantes que buscan convertirse en Coordinadores en Defensa de la Cuarta Transformaci\u00f3n Municipal, con el objetivo de fortalecer al movimiento transformador, erradicando intereses personales y de grupo.<\/p>\n<p style=\"text-align: justify;\">En su mensaje, el presidente del Comit\u00e9 Ejecutivo Estatal de Morena, Carlos Augusto P\u00e9rez Hern\u00e1ndez, reconoci\u00f3 a cada uno de los aspirantes por anteponer el inter\u00e9s general del pueblo y caminar de la mano con el proyecto que lidera la candidata presidencial, Claudia Sheinbaum Pardo para construir el Segundo Piso de esta transformaci\u00f3n hist\u00f3rica.<\/p>\n<p style=\"text-align: justify;\">\u201cQuiero agradecer la voluntad pol\u00edtica y la disposici\u00f3n de fortalecer el proyecto de la Cuarta Transformaci\u00f3n. Ya nuestra candidata Claudia Sheinbaum, nos ha pedido que trabajamos en unidad, con organizaci\u00f3n y con movilizaci\u00f3n\u201d, expres\u00f3.<\/p>\n<p style=\"text-align: justify;\">Por su parte Armando Contreras Castillo, delegado de la candidata Sheinbaum Pardo en Tlaxcala, hizo \u00e9nfasis en que dicho compromiso permitir\u00e1 a la militancia y a los simpatizantes aceptar con civilidad democr\u00e1tica los resultados de las encuestas, modelo de elecci\u00f3n enmarcado en los estatutos morenistas.<\/p>\n<p style=\"text-align: justify;\">Los aspirantes que firmaron el Compromiso por Chiautempan son Eloy \u00c1vila Ju\u00e1rez, Mar\u00eda Guadalupe Zapata Mel\u00e9ndez, Roberto Nava Ahuactzi, Eliuth Hern\u00e1ndez Cortez, Tom\u00e1s P\u00e9rez Zacapantzi, Crist\u00f3bal Cruz Cruz, Daniel Sosa Rugerio, M\u00f3nica Jim\u00e9nez Ram\u00edrez, Carlos Erasto Escobar Izquierdo, Berenice Cristian Cadena Mu\u00f1oz, Israel P\u00e9rez Corona, Blanca Estela \u00c1ngulo Meneses, L\u00e1zaro Netzahuatl Teomitzi, Ma. Carmen P\u00e9rez Zacapantzi, Mar\u00eda Estela Hern\u00e1ndez Grande, Enrique Zecua Lima, Octavio Cuauhtle \u00c1ngulo y Ezequiel Flores S\u00e1nchez.<\/p>\n","protected":false},"excerpt":{"rendered":"<p>Con la primicia de que la unidad es garant\u00eda de continuidad para la Cuarta Transformaci\u00f3n, en el municipio de Chiautempan se firm\u00f3 un acuerdo que evitar\u00e1 la divisi\u00f3n partidista y que permitir\u00e1 repetir una victoria contundente el pr\u00f3ximo 2 de junio. El \u201cCompromiso por Chiautempan\u201d fue un acto hist\u00f3rico que reuni\u00f3 a las y los [&hellip;]<\/p>\n","protected":false},"author":3,"featured_media":24341,"comment_status":"open","ping_status":"open","sticky":false,"template":"","format":"standard","meta":{"footnotes":""},"categories":[7],"tags":[],"class_list":["post-24340","post","type-post","status-publish","format-standard","has-post-thumbnail","hentry","category-ciudadanos"],"amp_enabled":true,"_links":{"self":[{"href":"https:\/\/labestiapolitica.com.mx\/index.php?rest_route=\/wp\/v2\/posts\/24340","targetHints":{"allow":["GET"]}}],"collection":[{"href":"https:\/\/labestiapolitica.com.mx\/index.php?rest_route=\/wp\/v2\/posts"}],"about":[{"href":"https:\/\/labestiapolitica.com.mx\/index.php?rest_route=\/wp\/v2\/types\/post"}],"author":[{"embeddable":true,"href":"https:\/\/labestiapolitica.com.mx\/index.php?rest_route=\/wp\/v2\/users\/3"}],"replies":[{"embeddable":true,"href":"https:\/\/labestiapolitica.com.mx\/index.php?rest_route=%2Fwp%2Fv2%2Fcomments&post=24340"}],"version-history":[{"count":1,"href":"https:\/\/labestiapolitica.com.mx\/index.php?rest_route=\/wp\/v2\/posts\/24340\/revisions"}],"predecessor-version":[{"id":24342,"href":"https:\/\/labestiapolitica.com.mx\/index.php?rest_route=\/wp\/v2\/posts\/24340\/revisions\/24342"}],"wp:featuredmedia":[{"embeddable":true,"href":"https:\/\/labestiapolitica.com.mx\/index.php?rest_route=\/wp\/v2\/media\/24341"}],"wp:attachment":[{"href":"https:\/\/labestiapolitica.com.mx\/index.php?rest_route=%2Fwp%2Fv2%2Fmedia&parent=24340"}],"wp:term":[{"taxonomy":"category","embeddable":true,"href":"https:\/\/labestiapolitica.com.mx\/index.php?rest_route=%2Fwp%2Fv2%2Fcategories&post=24340"},{"taxonomy":"post_tag","embeddable":true,"href":"https:\/\/labestiapolitica.com.mx\/index.php?rest_route=%2Fwp%2Fv2%2Ftags&post=24340"}],"curies":[{"name":"wp","href":"https:\/\/api.w.org\/{rel}","templated":true}]}}