{"id":24360,"date":"2024-01-22T12:24:33","date_gmt":"2024-01-22T18:24:33","guid":{"rendered":"https:\/\/labestiapolitica.com.mx\/?p=24360"},"modified":"2024-01-22T12:26:02","modified_gmt":"2024-01-22T18:26:02","slug":"organizo-scretaria-de-trabajo-y-competitividad-primera-feria-del-empleo-de-2024","status":"publish","type":"post","link":"https:\/\/labestiapolitica.com.mx\/?p=24360","title":{"rendered":"Organiz\u00f3 Secretar\u00eda de Trabajo y Competitividad primera feria del empleo de 2024."},"content":{"rendered":"<p style=\"text-align: justify;\">*Las 250 vacantes ofertadas fueron desde el sector textil e industrias manufactureras hasta la industria automotriz, seguridad, entre otros<\/p>\n<p style=\"text-align: justify;\">Con la participaci\u00f3n de 20 empresas que ofrecieron 250 vacantes, la Secretar\u00eda de Trabajo y Competitividad (STyC) llev\u00f3 a cabo la Primeria Feria del Empleo de 2024, en este caso en el municipio de Papalotla de Xicoht\u00e9ncatl.<\/p>\n<p style=\"text-align: justify;\">La dependencia estatal, a trav\u00e9s del Servicio Nacional de Empleo en Tlaxcala (SNET), acerc\u00f3 opciones laborales a la poblaci\u00f3n de la regi\u00f3n sur del estado en el auditorio municipal, a donde se dieron cita buscadores de trabajo.<\/p>\n<p style=\"text-align: justify;\">Esta feria reuni\u00f3 a varias empresas de la regi\u00f3n con el objetivo de dar a conocer las vacantes disponibles, con la finalidad de emplear a la poblaci\u00f3n tlaxcalteca dentro de puestos que ofrezcan todas las prestaciones y derechos que marca la ley.<\/p>\n<p style=\"text-align: justify;\">La feria cont\u00f3 con una participaci\u00f3n activa de 20 empresas que ofrecieron m\u00e1s de 250 vacantes enfocadas a diversos sectores econ\u00f3micos como lo son el textil, automotriz, industrias manufactureras, servicios, seguridad y comunicaciones; con salarios que van desde 7 mil 572 pesos hasta 12 mil 400.<\/p>\n<p style=\"text-align: justify;\">Es de mencionar que se ofrecieron oportunidades para personas de diferentes perfiles, habilidades y experiencias, lo que promueve un entorno de trabajo m\u00e1s equitativo y representativo, a trav\u00e9s de la vinculaci\u00f3n de 250 buscadores de empleo que tuvieron la oportunidad de interactuar directamente con representantes de cada una de las empresas asistentes.<\/p>\n<p style=\"text-align: justify;\">La STyC ha organizado ferias de empleo a lo largo de todo el estado, a trav\u00e9s del SNET y en colaboraci\u00f3n con diferentes municipios. Y con esta feria, en Papalotla de Xicoht\u00e9ncatl, se celebra la primera del a\u00f1o 2024.<\/p>\n<p style=\"text-align: justify;\">El titular de la dependencia, Jos\u00e9 No\u00e9 Altamirano Islas, mantiene el compromiso con el bienestar laboral en el estado. Esto incluye salarios favorables por encima del m\u00ednimo, condiciones dignas en los centros de trabajo, as\u00ed como igualdad de oportunidades para hombres y mujeres.<\/p>\n","protected":false},"excerpt":{"rendered":"<p>*Las 250 vacantes ofertadas fueron desde el sector textil e industrias manufactureras hasta la industria automotriz, seguridad, entre otros Con la participaci\u00f3n de 20 empresas que ofrecieron 250 vacantes, la Secretar\u00eda de Trabajo y Competitividad (STyC) llev\u00f3 a cabo la Primeria Feria del Empleo de 2024, en este caso en el municipio de Papalotla de [&hellip;]<\/p>\n","protected":false},"author":3,"featured_media":24361,"comment_status":"open","ping_status":"open","sticky":false,"template":"","format":"standard","meta":{"footnotes":""},"categories":[7],"tags":[],"class_list":["post-24360","post","type-post","status-publish","format-standard","has-post-thumbnail","hentry","category-ciudadanos"],"amp_enabled":true,"_links":{"self":[{"href":"https:\/\/labestiapolitica.com.mx\/index.php?rest_route=\/wp\/v2\/posts\/24360","targetHints":{"allow":["GET"]}}],"collection":[{"href":"https:\/\/labestiapolitica.com.mx\/index.php?rest_route=\/wp\/v2\/posts"}],"about":[{"href":"https:\/\/labestiapolitica.com.mx\/index.php?rest_route=\/wp\/v2\/types\/post"}],"author":[{"embeddable":true,"href":"https:\/\/labestiapolitica.com.mx\/index.php?rest_route=\/wp\/v2\/users\/3"}],"replies":[{"embeddable":true,"href":"https:\/\/labestiapolitica.com.mx\/index.php?rest_route=%2Fwp%2Fv2%2Fcomments&post=24360"}],"version-history":[{"count":2,"href":"https:\/\/labestiapolitica.com.mx\/index.php?rest_route=\/wp\/v2\/posts\/24360\/revisions"}],"predecessor-version":[{"id":24363,"href":"https:\/\/labestiapolitica.com.mx\/index.php?rest_route=\/wp\/v2\/posts\/24360\/revisions\/24363"}],"wp:featuredmedia":[{"embeddable":true,"href":"https:\/\/labestiapolitica.com.mx\/index.php?rest_route=\/wp\/v2\/media\/24361"}],"wp:attachment":[{"href":"https:\/\/labestiapolitica.com.mx\/index.php?rest_route=%2Fwp%2Fv2%2Fmedia&parent=24360"}],"wp:term":[{"taxonomy":"category","embeddable":true,"href":"https:\/\/labestiapolitica.com.mx\/index.php?rest_route=%2Fwp%2Fv2%2Fcategories&post=24360"},{"taxonomy":"post_tag","embeddable":true,"href":"https:\/\/labestiapolitica.com.mx\/index.php?rest_route=%2Fwp%2Fv2%2Ftags&post=24360"}],"curies":[{"name":"wp","href":"https:\/\/api.w.org\/{rel}","templated":true}]}}