{"id":24412,"date":"2024-01-22T17:02:30","date_gmt":"2024-01-22T23:02:30","guid":{"rendered":"https:\/\/labestiapolitica.com.mx\/?p=24412"},"modified":"2024-01-22T17:02:30","modified_gmt":"2024-01-22T23:02:30","slug":"suspension-de-clases-por-contingencia-se-amplia-al-martes-23-de-enero","status":"publish","type":"post","link":"https:\/\/labestiapolitica.com.mx\/?p=24412","title":{"rendered":"Suspensi\u00f3n de clases por contingencia se ampl\u00eda al martes 23 de Enero."},"content":{"rendered":"<ul>\n<li style=\"text-align: justify;\">Las actividades se reiniciar\u00e1n el pr\u00f3ximo mi\u00e9rcoles 24 de enero, con uso de cubrebocas<\/li>\n<\/ul>\n<p style=\"text-align: justify;\">Por instrucciones de la gobernadora Lorena Cu\u00e9llar Cisneros la suspensi\u00f3n de clases presenciales en las zonas aleda\u00f1as al relleno sanitario de Panotla, se extiende al martes 23 de enero del a\u00f1o 2024, con el objetivo de cuidar la salud de estudiantes ante la contingencia sucedida en la zona.<\/p>\n<p style=\"text-align: justify;\">Las actividades en aula reiniciar\u00e1n el pr\u00f3ximo mi\u00e9rcoles 24 de enero, los alumnos, docentes y directivos deber\u00e1n portar cubrebocas como medida de prevenci\u00f3n y protecci\u00f3n.<\/p>\n<p style=\"text-align: justify;\">El titular de la Secretar\u00eda de Educaci\u00f3n P\u00fablica del Estado y de la Unidad de Servicios Educativos del Estado de Tlaxcala (SEPE-USET), Homero Meneses Hern\u00e1ndez, inform\u00f3 que las actividades deber\u00e1n realizarse en l\u00ednea, a fin de no afectar el desempe\u00f1o escolar de los alumnos.<\/p>\n<p style=\"text-align: justify;\">\nDetall\u00f3 que la Direcci\u00f3n de Educaci\u00f3n B\u00e1sica y Media Superior y Superior inform\u00f3 de la medida a las instituciones p\u00fablicas y privadas de los municipios de Panotla y Totolac. As\u00ed como a las ubicadas en comunidades de la Trinidad Tenexyecac, San Antonio Tizostoc y San Antonio Tec\u00f3ac del municipio de Ixtacuixtla.<\/p>\n<p style=\"text-align: justify;\">En total, la medida fue acatada por 50 instituciones educativas, con una poblaci\u00f3n de 9 mil 519 alumnos y 907 trabajadores de la educaci\u00f3n.<\/p>\n<p style=\"text-align: justify;\">\nMeneses Hern\u00e1ndez expuso que, por orden de la mandataria estatal, han instruido que los colectivos docentes implementen estrategias para atender a las y los estudiantes que resultaron afectados por la contingencia,<\/p>\n<p style=\"text-align: justify;\">Tambi\u00e9n, reiter\u00f3 el llamado a la comunidad educativa para estar atenta de los medios oficiales para nueva informaci\u00f3n.<\/p>\n","protected":false},"excerpt":{"rendered":"<p>Las actividades se reiniciar\u00e1n el pr\u00f3ximo mi\u00e9rcoles 24 de enero, con uso de cubrebocas Por instrucciones de la gobernadora Lorena Cu\u00e9llar Cisneros la suspensi\u00f3n de clases presenciales en las zonas aleda\u00f1as al relleno sanitario de Panotla, se extiende al martes 23 de enero del a\u00f1o 2024, con el objetivo de cuidar la salud de estudiantes [&hellip;]<\/p>\n","protected":false},"author":3,"featured_media":24413,"comment_status":"open","ping_status":"open","sticky":false,"template":"","format":"standard","meta":{"footnotes":""},"categories":[7],"tags":[],"class_list":["post-24412","post","type-post","status-publish","format-standard","has-post-thumbnail","hentry","category-ciudadanos"],"amp_enabled":true,"_links":{"self":[{"href":"https:\/\/labestiapolitica.com.mx\/index.php?rest_route=\/wp\/v2\/posts\/24412","targetHints":{"allow":["GET"]}}],"collection":[{"href":"https:\/\/labestiapolitica.com.mx\/index.php?rest_route=\/wp\/v2\/posts"}],"about":[{"href":"https:\/\/labestiapolitica.com.mx\/index.php?rest_route=\/wp\/v2\/types\/post"}],"author":[{"embeddable":true,"href":"https:\/\/labestiapolitica.com.mx\/index.php?rest_route=\/wp\/v2\/users\/3"}],"replies":[{"embeddable":true,"href":"https:\/\/labestiapolitica.com.mx\/index.php?rest_route=%2Fwp%2Fv2%2Fcomments&post=24412"}],"version-history":[{"count":1,"href":"https:\/\/labestiapolitica.com.mx\/index.php?rest_route=\/wp\/v2\/posts\/24412\/revisions"}],"predecessor-version":[{"id":24414,"href":"https:\/\/labestiapolitica.com.mx\/index.php?rest_route=\/wp\/v2\/posts\/24412\/revisions\/24414"}],"wp:featuredmedia":[{"embeddable":true,"href":"https:\/\/labestiapolitica.com.mx\/index.php?rest_route=\/wp\/v2\/media\/24413"}],"wp:attachment":[{"href":"https:\/\/labestiapolitica.com.mx\/index.php?rest_route=%2Fwp%2Fv2%2Fmedia&parent=24412"}],"wp:term":[{"taxonomy":"category","embeddable":true,"href":"https:\/\/labestiapolitica.com.mx\/index.php?rest_route=%2Fwp%2Fv2%2Fcategories&post=24412"},{"taxonomy":"post_tag","embeddable":true,"href":"https:\/\/labestiapolitica.com.mx\/index.php?rest_route=%2Fwp%2Fv2%2Ftags&post=24412"}],"curies":[{"name":"wp","href":"https:\/\/api.w.org\/{rel}","templated":true}]}}