{"id":24435,"date":"2024-01-23T12:23:10","date_gmt":"2024-01-23T18:23:10","guid":{"rendered":"https:\/\/labestiapolitica.com.mx\/?p=24435"},"modified":"2024-01-23T12:53:48","modified_gmt":"2024-01-23T18:53:48","slug":"anuncio-sectur-incorporacion-de-tres-restaurantes-tlaxcaltecas-en-la-guia-mexico-gastronomico-2024","status":"publish","type":"post","link":"https:\/\/labestiapolitica.com.mx\/?p=24435","title":{"rendered":"Anunci\u00f3 Sectur incorporaci\u00f3n de tres restaurantes tlaxcaltecas en la \u00abGu\u00eda M\u00e9xico gastron\u00f3mico 2024\u00bb."},"content":{"rendered":"<ul>\n<li style=\"text-align: justify;\">Se trata de los establecimientos Mexko, Evoka y Le\u00f1a y Olivo_<\/li>\n<\/ul>\n<p style=\"text-align: justify;\">La Secretar\u00eda de Turismo del estado (Secture), anunci\u00f3 la incorporaci\u00f3n de tres establecimientos tlaxcaltecas en la \u201cGu\u00eda M\u00e9xico Gastron\u00f3mico: los 250 restaurantes de 2024\u201d de Culinaria Mexicana, S. Pellegrino y Nespresso, que se publicar\u00e1 en Larousse Cocina.<\/p>\n<p style=\"text-align: justify;\">En conocido hotel de la Ciudad de M\u00e9xico (Cdmx), los restaurantes Mexko, Evoka y Le\u00f1a y Olivo fueron galardonados con la inclusi\u00f3n a la gu\u00eda, que aglutina a los m\u00e1s destacados de M\u00e9xico en el arte de la cocina de alta calidad.<\/p>\n<p style=\"text-align: justify;\">La titular de la dependencia estatal, Josefina Rodr\u00edguez Zamora, reconoci\u00f3 a los restaurantes por promover la riqueza culinaria de Tlaxcala a nivel nacional. \u00abEstamos encantados de ver a nuestros restaurantes ser reconocidos en la Gu\u00eda M\u00e9xico Gastron\u00f3mico 2024\u201d.<\/p>\n<p style=\"text-align: justify;\">La funcionaria estatal destac\u00f3 que este m\u00e9rito, adem\u00e1s de fortalecer a Tlaxcala como destino gastron\u00f3mico, el gobierno del estado est\u00e1 comprometido con el desarrollo del sector tur\u00edstico y la promoci\u00f3n de su diversidad culinaria.<\/p>\n<p style=\"text-align: justify;\">Indic\u00f3 que el objetivo es resaltar la diversidad gastron\u00f3mica y mantener el equilibrio entre las propuestas de todos los estados del pa\u00eds, los restaurantes galardonados fueron seleccionados por su sabor y la riqueza, durante un a\u00f1o de recorrido por toda la rep\u00fablica mexicana.<\/p>\n<p style=\"text-align: justify;\">Record\u00f3 que el 4 y 5 de septiembre del 2023, Tlaxcala fue sede de las votaciones que realiz\u00f3 el Grupo Culinaria Mexicana para elegir a los 250 Mejores Restaurantes de M\u00e9xico.<\/p>\n<p style=\"text-align: justify;\">La dependencia estatal apuesta a este tipo de acciones, a fin de que aporten el inter\u00e9s del turismo nacional e internacional para conocer los platillos t\u00edpicos de Tlaxcala y generar una importante detonaci\u00f3n econ\u00f3mica para de estos establecimientos.<\/p>\n","protected":false},"excerpt":{"rendered":"<p>Se trata de los establecimientos Mexko, Evoka y Le\u00f1a y Olivo_ La Secretar\u00eda de Turismo del estado (Secture), anunci\u00f3 la incorporaci\u00f3n de tres establecimientos tlaxcaltecas en la \u201cGu\u00eda M\u00e9xico Gastron\u00f3mico: los 250 restaurantes de 2024\u201d de Culinaria Mexicana, S. Pellegrino y Nespresso, que se publicar\u00e1 en Larousse Cocina. En conocido hotel de la Ciudad de [&hellip;]<\/p>\n","protected":false},"author":3,"featured_media":24436,"comment_status":"open","ping_status":"open","sticky":false,"template":"","format":"standard","meta":{"footnotes":""},"categories":[7],"tags":[],"class_list":["post-24435","post","type-post","status-publish","format-standard","has-post-thumbnail","hentry","category-ciudadanos"],"amp_enabled":true,"_links":{"self":[{"href":"https:\/\/labestiapolitica.com.mx\/index.php?rest_route=\/wp\/v2\/posts\/24435","targetHints":{"allow":["GET"]}}],"collection":[{"href":"https:\/\/labestiapolitica.com.mx\/index.php?rest_route=\/wp\/v2\/posts"}],"about":[{"href":"https:\/\/labestiapolitica.com.mx\/index.php?rest_route=\/wp\/v2\/types\/post"}],"author":[{"embeddable":true,"href":"https:\/\/labestiapolitica.com.mx\/index.php?rest_route=\/wp\/v2\/users\/3"}],"replies":[{"embeddable":true,"href":"https:\/\/labestiapolitica.com.mx\/index.php?rest_route=%2Fwp%2Fv2%2Fcomments&post=24435"}],"version-history":[{"count":2,"href":"https:\/\/labestiapolitica.com.mx\/index.php?rest_route=\/wp\/v2\/posts\/24435\/revisions"}],"predecessor-version":[{"id":24438,"href":"https:\/\/labestiapolitica.com.mx\/index.php?rest_route=\/wp\/v2\/posts\/24435\/revisions\/24438"}],"wp:featuredmedia":[{"embeddable":true,"href":"https:\/\/labestiapolitica.com.mx\/index.php?rest_route=\/wp\/v2\/media\/24436"}],"wp:attachment":[{"href":"https:\/\/labestiapolitica.com.mx\/index.php?rest_route=%2Fwp%2Fv2%2Fmedia&parent=24435"}],"wp:term":[{"taxonomy":"category","embeddable":true,"href":"https:\/\/labestiapolitica.com.mx\/index.php?rest_route=%2Fwp%2Fv2%2Fcategories&post=24435"},{"taxonomy":"post_tag","embeddable":true,"href":"https:\/\/labestiapolitica.com.mx\/index.php?rest_route=%2Fwp%2Fv2%2Ftags&post=24435"}],"curies":[{"name":"wp","href":"https:\/\/api.w.org\/{rel}","templated":true}]}}