{"id":24486,"date":"2024-01-24T13:04:46","date_gmt":"2024-01-24T19:04:46","guid":{"rendered":"https:\/\/labestiapolitica.com.mx\/?p=24486"},"modified":"2024-01-26T04:27:24","modified_gmt":"2024-01-26T10:27:24","slug":"inauguro-sc-la-exposicion-fuera-de-lugar-de-rodrigo-imaz","status":"publish","type":"post","link":"https:\/\/labestiapolitica.com.mx\/?p=24486","title":{"rendered":"Inaugur\u00f3 SC la exposici\u00f3n \u00abFuera de lugar\u00bb, de Rodrigo \u00cdmaz."},"content":{"rendered":"<ul>\n<li style=\"text-align: justify;\">*Cien piezas conforman la colecci\u00f3n del artista mexicano, Rodrigo \u00cdmaz, que estar\u00e1n exhibidas en el Museo de Arte de Tlaxcala hasta el pr\u00f3ximo 14 de marzo<\/li>\n<\/ul>\n<p style=\"text-align: justify;\">En el Museo de Arte de Tlaxcala (MAT), el secretario de Cultura, Antonio Mart\u00ednez Vel\u00e1zquez, inaugur\u00f3 la exposici\u00f3n itinerante \u00abFuera de lugar\u00bb del artista mexicano, Rodrigo \u00cdmaz.<\/p>\n<p style=\"text-align: justify;\">En el uso de la palabra, Mart\u00ednez Vel\u00e1zquez refiri\u00f3 que, en su obra, el artista refleja la visi\u00f3n del arte contempor\u00e1neo, una l\u00ednea discursiva que mantiene vigente el museo desde su reapertura en diciembre del 2021.<\/p>\n<p style=\"text-align: justify;\">\u00abLa obra de Rodrigo \u00cdmaz invita a la reflexi\u00f3n sobre la necedad de la vida. Adem\u00e1s, cumple con el lenguaje que hemos propuesto para este museo, el cual est\u00e1 dedicado a conservar una l\u00ednea de investigaci\u00f3n y de planteamiento est\u00e9tico, relacionado con los discursos contempor\u00e1neos y experimentales de las nuevas generaciones de artistas locales y nacionales\u00bb, puntualiz\u00f3.<\/p>\n<p style=\"text-align: justify;\">En su intervenci\u00f3n, el creador y exfutbolista, Rodrigo \u00cdmaz, se\u00f1al\u00f3 que dicha muestra refleja la fusi\u00f3n existente entre la naturaleza y la vida, misma que se ha presentado en diferentes espacios culturales del pa\u00eds, como el Centro Cultural de Espa\u00f1a, la Casa del Libro y el Museo de la Universidad Aut\u00f3noma de M\u00e9xico (UNAM).<\/p>\n<p style=\"text-align: justify;\">\u00abEs un conjunto de cien balones (ponchados), convertidos en macetas&#8230; las tortillas est\u00e1n estampadas con un tinte org\u00e1nico en forma de bal\u00f3n. Es un honor estar aqu\u00ed y agradecer al estado de Tlaxcala, a la gobernadora y a todos los que hicieron posible est\u00e1 exposici\u00f3n, que ruede la pelota y que haya m\u00e1s cultura; cultura en el sentido amplio, como deporte y como un forma de compartir lazos humanos\u00bb, acot\u00f3.<\/p>\n<p style=\"text-align: justify;\">La exposici\u00f3n \u00abFuera de lugar\u00bb estar\u00e1 abierta al p\u00fablico hasta el pr\u00f3ximo 14 de marzo, de martes a domingo en un horario de 10:00 a 17:00 horas, en el MAT, ubicado en Plaza de la Constituci\u00f3n, n\u00famero 21, en la capital del estado y la entrada es libre.<\/p>\n","protected":false},"excerpt":{"rendered":"<p>*Cien piezas conforman la colecci\u00f3n del artista mexicano, Rodrigo \u00cdmaz, que estar\u00e1n exhibidas en el Museo de Arte de Tlaxcala hasta el pr\u00f3ximo 14 de marzo En el Museo de Arte de Tlaxcala (MAT), el secretario de Cultura, Antonio Mart\u00ednez Vel\u00e1zquez, inaugur\u00f3 la exposici\u00f3n itinerante \u00abFuera de lugar\u00bb del artista mexicano, Rodrigo \u00cdmaz. En el [&hellip;]<\/p>\n","protected":false},"author":3,"featured_media":24487,"comment_status":"open","ping_status":"open","sticky":false,"template":"","format":"standard","meta":{"footnotes":""},"categories":[7],"tags":[],"class_list":["post-24486","post","type-post","status-publish","format-standard","has-post-thumbnail","hentry","category-ciudadanos"],"amp_enabled":true,"_links":{"self":[{"href":"https:\/\/labestiapolitica.com.mx\/index.php?rest_route=\/wp\/v2\/posts\/24486","targetHints":{"allow":["GET"]}}],"collection":[{"href":"https:\/\/labestiapolitica.com.mx\/index.php?rest_route=\/wp\/v2\/posts"}],"about":[{"href":"https:\/\/labestiapolitica.com.mx\/index.php?rest_route=\/wp\/v2\/types\/post"}],"author":[{"embeddable":true,"href":"https:\/\/labestiapolitica.com.mx\/index.php?rest_route=\/wp\/v2\/users\/3"}],"replies":[{"embeddable":true,"href":"https:\/\/labestiapolitica.com.mx\/index.php?rest_route=%2Fwp%2Fv2%2Fcomments&post=24486"}],"version-history":[{"count":2,"href":"https:\/\/labestiapolitica.com.mx\/index.php?rest_route=\/wp\/v2\/posts\/24486\/revisions"}],"predecessor-version":[{"id":24489,"href":"https:\/\/labestiapolitica.com.mx\/index.php?rest_route=\/wp\/v2\/posts\/24486\/revisions\/24489"}],"wp:featuredmedia":[{"embeddable":true,"href":"https:\/\/labestiapolitica.com.mx\/index.php?rest_route=\/wp\/v2\/media\/24487"}],"wp:attachment":[{"href":"https:\/\/labestiapolitica.com.mx\/index.php?rest_route=%2Fwp%2Fv2%2Fmedia&parent=24486"}],"wp:term":[{"taxonomy":"category","embeddable":true,"href":"https:\/\/labestiapolitica.com.mx\/index.php?rest_route=%2Fwp%2Fv2%2Fcategories&post=24486"},{"taxonomy":"post_tag","embeddable":true,"href":"https:\/\/labestiapolitica.com.mx\/index.php?rest_route=%2Fwp%2Fv2%2Ftags&post=24486"}],"curies":[{"name":"wp","href":"https:\/\/api.w.org\/{rel}","templated":true}]}}