{"id":24514,"date":"2024-01-24T16:42:37","date_gmt":"2024-01-24T22:42:37","guid":{"rendered":"https:\/\/labestiapolitica.com.mx\/?p=24514"},"modified":"2024-01-26T04:27:09","modified_gmt":"2024-01-26T10:27:09","slug":"se-amplia-suspension-de-clases-al-jueves-25-de-enero","status":"publish","type":"post","link":"https:\/\/labestiapolitica.com.mx\/?p=24514","title":{"rendered":"Se amplia suspensi\u00f3n de clases al jueves 25 de Enero."},"content":{"rendered":"<ul>\n<li style=\"text-align: justify;\">Las actividades se reiniciar\u00e1n el pr\u00f3ximo lunes 29 de enero del a\u00f1o en curso, con uso de cubrebocas<\/li>\n<\/ul>\n<p style=\"text-align: justify;\">Con el objetivo de proteger la salud e integridad de los estudiantes, la gobernadora Lorena Cu\u00e9llar Cisneros determin\u00f3 ampliar al lunes 29 de enero la suspensi\u00f3n de clases presenciales en las zonas aleda\u00f1as al relleno sanitario de Panotla.<\/p>\n<p style=\"text-align: justify;\">Las actividades en aulas reiniciar\u00e1n a partir del lunes 29 de enero del a\u00f1o 2024 con uso de cubrebocas, en tanto, las clases continuar\u00e1n en l\u00ednea para no afectar el desempe\u00f1o de los alumnos.<\/p>\n<p style=\"text-align: justify;\">Cabe precisar que el pr\u00f3ximo viernes 26 de enero se realizar\u00e1 la cuarta sesi\u00f3n el Consejo T\u00e9cnico Escolar por lo que no hay actividades para los estudiantes.<\/p>\n<p>Las escuelas que deben mantener la suspensi\u00f3n de trabajo presenciales, se ubican en los municipios de Totolac en la cabecera municipal y Zaragoza; Ixtacuixtla en La Trinidad Tenexyecac, San Antonio Tec\u00f3ac, San Antonio Tizostoc y Santa Cruz el Porvenir; y Panotla en la cabecera municipal, Jes\u00fas Acatitla, San Jorge Tezoquipan, Santa Cruz Techachalco, San Francisco Temetzontla y colonia Emiliano Zapata.<\/p>\n<p style=\"text-align: justify;\">El titular de la Secretar\u00eda de Educaci\u00f3n P\u00fablica del Estado y de la Unidad de Servicios Educativos del Estado de Tlaxcala (SEPE-USET), Homero Meneses Hern\u00e1ndez, comunic\u00f3 que a trav\u00e9s de los Comit\u00e9s Participativos de Salud Escolar se convocar\u00e1 a los padres de familia a realizar limpieza en las instituciones educativas afectadas por la contingencia ambiental.<\/p>\n<p style=\"text-align: justify;\">Meneses Hern\u00e1ndez reiter\u00f3 el llamado a la comunidad educativa para estar atenta de los medios oficiales para nuevas instrucciones.<\/p>\n","protected":false},"excerpt":{"rendered":"<p>Las actividades se reiniciar\u00e1n el pr\u00f3ximo lunes 29 de enero del a\u00f1o en curso, con uso de cubrebocas Con el objetivo de proteger la salud e integridad de los estudiantes, la gobernadora Lorena Cu\u00e9llar Cisneros determin\u00f3 ampliar al lunes 29 de enero la suspensi\u00f3n de clases presenciales en las zonas aleda\u00f1as al relleno sanitario de [&hellip;]<\/p>\n","protected":false},"author":3,"featured_media":24515,"comment_status":"open","ping_status":"open","sticky":false,"template":"","format":"standard","meta":{"footnotes":""},"categories":[7],"tags":[],"class_list":["post-24514","post","type-post","status-publish","format-standard","has-post-thumbnail","hentry","category-ciudadanos"],"amp_enabled":true,"_links":{"self":[{"href":"https:\/\/labestiapolitica.com.mx\/index.php?rest_route=\/wp\/v2\/posts\/24514","targetHints":{"allow":["GET"]}}],"collection":[{"href":"https:\/\/labestiapolitica.com.mx\/index.php?rest_route=\/wp\/v2\/posts"}],"about":[{"href":"https:\/\/labestiapolitica.com.mx\/index.php?rest_route=\/wp\/v2\/types\/post"}],"author":[{"embeddable":true,"href":"https:\/\/labestiapolitica.com.mx\/index.php?rest_route=\/wp\/v2\/users\/3"}],"replies":[{"embeddable":true,"href":"https:\/\/labestiapolitica.com.mx\/index.php?rest_route=%2Fwp%2Fv2%2Fcomments&post=24514"}],"version-history":[{"count":2,"href":"https:\/\/labestiapolitica.com.mx\/index.php?rest_route=\/wp\/v2\/posts\/24514\/revisions"}],"predecessor-version":[{"id":24554,"href":"https:\/\/labestiapolitica.com.mx\/index.php?rest_route=\/wp\/v2\/posts\/24514\/revisions\/24554"}],"wp:featuredmedia":[{"embeddable":true,"href":"https:\/\/labestiapolitica.com.mx\/index.php?rest_route=\/wp\/v2\/media\/24515"}],"wp:attachment":[{"href":"https:\/\/labestiapolitica.com.mx\/index.php?rest_route=%2Fwp%2Fv2%2Fmedia&parent=24514"}],"wp:term":[{"taxonomy":"category","embeddable":true,"href":"https:\/\/labestiapolitica.com.mx\/index.php?rest_route=%2Fwp%2Fv2%2Fcategories&post=24514"},{"taxonomy":"post_tag","embeddable":true,"href":"https:\/\/labestiapolitica.com.mx\/index.php?rest_route=%2Fwp%2Fv2%2Ftags&post=24514"}],"curies":[{"name":"wp","href":"https:\/\/api.w.org\/{rel}","templated":true}]}}