{"id":25099,"date":"2024-02-08T14:08:06","date_gmt":"2024-02-08T20:08:06","guid":{"rendered":"https:\/\/labestiapolitica.com.mx\/?p=25099"},"modified":"2024-02-08T14:08:06","modified_gmt":"2024-02-08T20:08:06","slug":"abierta-convocatoria-para-apoyos-economicos-a-camadas-que-participan-en-el-carnaval-tlaxcala-2024","status":"publish","type":"post","link":"https:\/\/labestiapolitica.com.mx\/?p=25099","title":{"rendered":"Abierta convocatoria para apoyos econ\u00f3micos a camadas que participan en el Carnaval Tlaxcala 2024."},"content":{"rendered":"<ol>\n<li style=\"text-align: justify;\">El objetivo es fomentar la inclusi\u00f3n y participaci\u00f3n de los danzantes en el estado, estimular y fortalecer el tejido social de las comunidades<\/li>\n<\/ol>\n<p style=\"text-align: justify;\">El Gobierno del Estado, a trav\u00e9s de las secretar\u00edas de Cultura (SC), de Educaci\u00f3n P\u00fablica del Estado (SEPE) y de Turismo (Secture), lanz\u00f3 la convocatoria para otorgar apoyos econ\u00f3micos destinados a las camadas tlaxcaltecas que participan en el \u201cCarnaval Tlaxcala 2024\u201d.<\/p>\n<p style=\"text-align: justify;\">La invitaci\u00f3n es abierta para que los grupos de danzantes interesados en el programa de apoyo econ\u00f3mico puedan registrarse en las oficinas de la SC, bajo las siguientes bases y condiciones.<\/p>\n<p style=\"text-align: justify;\">El registro estar\u00e1 abierto desde la fecha de publicaci\u00f3n de la convocatoria y hasta el 16 de febrero del presente a\u00f1o, en un horario de 09:00 a 15:00 horas, incluidos s\u00e1bados y domingos. Las inscripciones se realizar\u00e1n en la direcci\u00f3n de extensi\u00f3n cultural, ubicada en la calle Fernando Solana n\u00famero 1, San Luis Apizaquito, Centro de las Artes.<\/p>\n<p style=\"text-align: justify;\">Los interesados deber\u00e1n presentar un escrito de solicitud de apoyo econ\u00f3mico para la camada, dirigido al titular de la SC, Antonio Mart\u00ednez Vel\u00e1zquez y firmado por el representante de la camada; la ficha de inscripci\u00f3n para participar en el \u201cCarnaval Tlaxcala 2024\u201d, y la constancia de participaci\u00f3n en el \u201cCarnaval Tlaxcala 2023\u201d, ambas otorgadas por la Direcci\u00f3n de Cultura, Recreaci\u00f3n y Deporte de la SEPE.<\/p>\n<p style=\"text-align: justify;\">Adem\u00e1s, documentos del representante de la camada en copias; credencial del INE vigente, CURP actualizado y comprobante de domicilio no mayor a tres meses, as\u00ed como constancia de antig\u00fcedad de la camada expedida por su comunidad de origen.<\/p>\n<p style=\"text-align: justify;\">Adem\u00e1s, el expediente deber\u00e1 contar con la rese\u00f1a hist\u00f3rica de la camada, y evidencias fotogr\u00e1ficas recientes impresas a color que demuestren sus presentaciones, por lo que no se aceptar\u00e1n fotograf\u00edas descargadas de internet. El formato deber\u00e1 ser engargolado y en tama\u00f1o carta.<\/p>\n<p style=\"text-align: justify;\">Tambi\u00e9n deber\u00e1n entregar la relaci\u00f3n de integrantes de la camada con los datos especificados, acompa\u00f1ados de copia de la identificaci\u00f3n oficial INE vigente para mayores de edad y CURP actualizada para menores de edad.<\/p>\n<p style=\"text-align: justify;\">Las camadas registradas por antig\u00fcedad, con m\u00e1s de 30 a\u00f1os de creaci\u00f3n, recibir\u00e1n 20 mil pesos; las de mayor representatividad de 10 a 29 a\u00f1os, ser\u00e1n acreedores a un apoyo econ\u00f3mico de 18 mil pesos; las infantiles, no escolarizadas, tendr\u00e1n 10 mil pesos, y las camadas de nueva creaci\u00f3n, con al menos 1 a\u00f1o de conformadas, se les entregar\u00e1 un monto de 5 mil pesos.<\/p>\n<p style=\"text-align: justify;\">Para m\u00e1s informaci\u00f3n, los interesados podr\u00e1n consultar las bases de la convocatoria en la p\u00e1gina oficial www.culturatlaxcala.com.mx, y en las redes sociales de la SC y de la SEPE-USET.<\/p>\n<p style=\"text-align: justify;\">El Carnaval Tlaxcala 2024 es una celebraci\u00f3n que se enmarca en el programa de rescate de costumbres y tradiciones, impulsado por la administraci\u00f3n encabezada por la gobernadora Lorena Cu\u00e9llar Cisneros, el cual busca promover el proceso de difusi\u00f3n del conocimiento popular y preservar las diversas manifestaciones culturales de los pueblos de la regi\u00f3n.<\/p>\n","protected":false},"excerpt":{"rendered":"<p>El objetivo es fomentar la inclusi\u00f3n y participaci\u00f3n de los danzantes en el estado, estimular y fortalecer el tejido social de las comunidades El Gobierno del Estado, a trav\u00e9s de las secretar\u00edas de Cultura (SC), de Educaci\u00f3n P\u00fablica del Estado (SEPE) y de Turismo (Secture), lanz\u00f3 la convocatoria para otorgar apoyos econ\u00f3micos destinados a las [&hellip;]<\/p>\n","protected":false},"author":3,"featured_media":25100,"comment_status":"open","ping_status":"open","sticky":false,"template":"","format":"standard","meta":{"footnotes":""},"categories":[7],"tags":[],"class_list":["post-25099","post","type-post","status-publish","format-standard","has-post-thumbnail","hentry","category-ciudadanos"],"amp_enabled":true,"_links":{"self":[{"href":"https:\/\/labestiapolitica.com.mx\/index.php?rest_route=\/wp\/v2\/posts\/25099","targetHints":{"allow":["GET"]}}],"collection":[{"href":"https:\/\/labestiapolitica.com.mx\/index.php?rest_route=\/wp\/v2\/posts"}],"about":[{"href":"https:\/\/labestiapolitica.com.mx\/index.php?rest_route=\/wp\/v2\/types\/post"}],"author":[{"embeddable":true,"href":"https:\/\/labestiapolitica.com.mx\/index.php?rest_route=\/wp\/v2\/users\/3"}],"replies":[{"embeddable":true,"href":"https:\/\/labestiapolitica.com.mx\/index.php?rest_route=%2Fwp%2Fv2%2Fcomments&post=25099"}],"version-history":[{"count":1,"href":"https:\/\/labestiapolitica.com.mx\/index.php?rest_route=\/wp\/v2\/posts\/25099\/revisions"}],"predecessor-version":[{"id":25101,"href":"https:\/\/labestiapolitica.com.mx\/index.php?rest_route=\/wp\/v2\/posts\/25099\/revisions\/25101"}],"wp:featuredmedia":[{"embeddable":true,"href":"https:\/\/labestiapolitica.com.mx\/index.php?rest_route=\/wp\/v2\/media\/25100"}],"wp:attachment":[{"href":"https:\/\/labestiapolitica.com.mx\/index.php?rest_route=%2Fwp%2Fv2%2Fmedia&parent=25099"}],"wp:term":[{"taxonomy":"category","embeddable":true,"href":"https:\/\/labestiapolitica.com.mx\/index.php?rest_route=%2Fwp%2Fv2%2Fcategories&post=25099"},{"taxonomy":"post_tag","embeddable":true,"href":"https:\/\/labestiapolitica.com.mx\/index.php?rest_route=%2Fwp%2Fv2%2Ftags&post=25099"}],"curies":[{"name":"wp","href":"https:\/\/api.w.org\/{rel}","templated":true}]}}