{"id":25109,"date":"2024-02-09T18:27:49","date_gmt":"2024-02-10T00:27:49","guid":{"rendered":"https:\/\/labestiapolitica.com.mx\/?p=25109"},"modified":"2024-02-09T18:27:49","modified_gmt":"2024-02-10T00:27:49","slug":"encabezaron-autoridades-estatales-desfile-de-inicio-del-carnaval-tlaxcala-2024","status":"publish","type":"post","link":"https:\/\/labestiapolitica.com.mx\/?p=25109","title":{"rendered":"Encabezaron autoridades estatales desfile de inicio del \u00abCarnaval Tlaxcala 2024\u00bb."},"content":{"rendered":"<ul>\n<li style=\"text-align: justify;\">M\u00e1s de mil 500 danzantes de 87 camadas de todo el estado participaron en el recorrido por las principales calles de la capital tlaxcalteca<\/li>\n<\/ul>\n<p style=\"text-align: justify;\">Autoridades estatales presidieron el desfile del \u201cCarnaval Tlaxcala 2024\u201d, que se realizar\u00e1 del 8 al 13 de febrero, el cual fue organizado por el Gobierno del Estado, a trav\u00e9s de las secretar\u00edas de Educaci\u00f3n P\u00fablica del Estado (SEPE), Cultura (SC) y Turismo del Estado (Secture), el cu\u00e1l cont\u00f3 con la participaci\u00f3n de 87 camadas y contingentes escolares.<br \/>\nEn esta actividad, que tiene el prop\u00f3sito de preservar y difundir las costumbres y tradiciones de la entidad, participaron un total de mil 500 personas, y reuni\u00f3 a cientos de visitantes locales, nacionales y extranjeros.<\/p>\n<p style=\"text-align: justify;\">Durante el acto protocolario, la secretaria de Turismo, Josefina Rodr\u00edguez Zamora, coron\u00f3 a la reina del Carnaval de la edici\u00f3n 2024, Zahira Itzel Pe\u00f1a Garc\u00eda, representante de la camada \u201cXaltocan Centro\u201d.<\/p>\n<p style=\"text-align: justify;\">Mientras que, el titular de la SEPE, Homero Meneses Hern\u00e1ndez, coron\u00f3 a la reina infantil Karla Jim\u00e9nez San Luis, y la presidenta municipal de Tlaxcala, Maribel P\u00e9rez Arenas, al rey feo, \u00d3scar Uriel Caloch Res\u00e9ndiz.<\/p>\n<p style=\"text-align: justify;\">En el colorido y alegre desfile, el p\u00fablico en general disfrut\u00f3 de la algarab\u00eda de los miles de danzantes participantes, orgullosos de difundir parte de la cultura tlaxcalteca a trav\u00e9s de bailes, m\u00fasica en vivo y extraordinarias vestimentas.<\/p>\n<p style=\"text-align: justify;\">Es as\u00ed como la administraci\u00f3n estatal encabezada por la gobernadora Lorena Cu\u00e9llar Cisneros mantiene firme la identidad que nos identifica como tlaxcaltecas, ya que el carnaval es una de las festividades con m\u00e1s arraigo e historia en la entidad.<\/p>\n<p style=\"text-align: justify;\">Las autoridades organizadoras invitaron a la poblaci\u00f3n tlaxcalteca, y a visitantes nacionales y extranjeros, a disfrutar del \u00abCarnaval Tlaxcala 2024\u00bb, que se vivir\u00e1 del 9 al 13 de febrero en el Centro Expositor \u201cAdolfo L\u00f3pez Mateos\u201d, donde un total de 164 camadas bailar\u00e1n en cuatro pistas de 14:00 a 20:00 horas.<\/p>\n","protected":false},"excerpt":{"rendered":"<p>M\u00e1s de mil 500 danzantes de 87 camadas de todo el estado participaron en el recorrido por las principales calles de la capital tlaxcalteca Autoridades estatales presidieron el desfile del \u201cCarnaval Tlaxcala 2024\u201d, que se realizar\u00e1 del 8 al 13 de febrero, el cual fue organizado por el Gobierno del Estado, a trav\u00e9s de las [&hellip;]<\/p>\n","protected":false},"author":3,"featured_media":25110,"comment_status":"open","ping_status":"open","sticky":false,"template":"","format":"standard","meta":{"footnotes":""},"categories":[7],"tags":[],"class_list":["post-25109","post","type-post","status-publish","format-standard","has-post-thumbnail","hentry","category-ciudadanos"],"amp_enabled":true,"_links":{"self":[{"href":"https:\/\/labestiapolitica.com.mx\/index.php?rest_route=\/wp\/v2\/posts\/25109","targetHints":{"allow":["GET"]}}],"collection":[{"href":"https:\/\/labestiapolitica.com.mx\/index.php?rest_route=\/wp\/v2\/posts"}],"about":[{"href":"https:\/\/labestiapolitica.com.mx\/index.php?rest_route=\/wp\/v2\/types\/post"}],"author":[{"embeddable":true,"href":"https:\/\/labestiapolitica.com.mx\/index.php?rest_route=\/wp\/v2\/users\/3"}],"replies":[{"embeddable":true,"href":"https:\/\/labestiapolitica.com.mx\/index.php?rest_route=%2Fwp%2Fv2%2Fcomments&post=25109"}],"version-history":[{"count":1,"href":"https:\/\/labestiapolitica.com.mx\/index.php?rest_route=\/wp\/v2\/posts\/25109\/revisions"}],"predecessor-version":[{"id":25111,"href":"https:\/\/labestiapolitica.com.mx\/index.php?rest_route=\/wp\/v2\/posts\/25109\/revisions\/25111"}],"wp:featuredmedia":[{"embeddable":true,"href":"https:\/\/labestiapolitica.com.mx\/index.php?rest_route=\/wp\/v2\/media\/25110"}],"wp:attachment":[{"href":"https:\/\/labestiapolitica.com.mx\/index.php?rest_route=%2Fwp%2Fv2%2Fmedia&parent=25109"}],"wp:term":[{"taxonomy":"category","embeddable":true,"href":"https:\/\/labestiapolitica.com.mx\/index.php?rest_route=%2Fwp%2Fv2%2Fcategories&post=25109"},{"taxonomy":"post_tag","embeddable":true,"href":"https:\/\/labestiapolitica.com.mx\/index.php?rest_route=%2Fwp%2Fv2%2Ftags&post=25109"}],"curies":[{"name":"wp","href":"https:\/\/api.w.org\/{rel}","templated":true}]}}