{"id":25138,"date":"2024-02-12T18:06:27","date_gmt":"2024-02-13T00:06:27","guid":{"rendered":"https:\/\/labestiapolitica.com.mx\/?p=25138"},"modified":"2024-02-14T14:42:58","modified_gmt":"2024-02-14T20:42:58","slug":"inicio-secture-y-san-pablo-del-monte-embellecimiento-de-fachadas-y-rehabilitacion-de-la-imagen-urbana","status":"publish","type":"post","link":"https:\/\/labestiapolitica.com.mx\/?p=25138","title":{"rendered":"Inici\u00f3 Secture y San Pablo del Monte embellecimiento de fachadas y rehabilitaci\u00f3n de la imagen urbana."},"content":{"rendered":"<ul>\n<li>Estos trabajos se hacen como parte del Programa Rutas M\u00e1gicas de Color, del gobierno federal<\/li>\n<\/ul>\n<p>Con una inversi\u00f3n de 900 mil pesos, la Secretar\u00eda de Turismo del estado (Secture) y el municipio de San Pablo del Monte iniciaron el embellecimiento de fachadas y la rehabilitaci\u00f3n de la imagen urbana en diversos barrios, en m\u00e1s de siete mil 142 metros cuadrados entre el gobierno del estado, la organizaci\u00f3n Coraz\u00f3n Urbano, Sectur federal y el ayuntamiento.<\/p>\n<p>La titular de la Secture, Josefina Rodr\u00edguez Zamora, anunci\u00f3 que estos trabajos se hacen como parte del \u00abPrograma Rutas M\u00e1gicas de Color\u00bb, del gobierno federal, para mejorar y dignificar los espacios p\u00fablicos.<\/p>\n<p>La funcionaria estatal detall\u00f3 que durante la primera etapa se trabajar\u00e1 en los barrios de San Sebasti\u00e1n, San Bartolom\u00e9 y San Nicol\u00e1s.<\/p>\n<p>\u201cSan Pablo del Monte es uno de los municipios m\u00e1s importantes, ya que cuenta con el reconocimiento a nivel mundial por la elaboraci\u00f3n de talavera, y por ello, en el a\u00f1o 2020, la UNESCO reconoci\u00f3 los procesos de fabricaci\u00f3n de esta artesan\u00eda como Patrimonio Cultural Inmaterial de la Humanidad\u201d, resalt\u00f3.<\/p>\n<p>Insisti\u00f3 que este programa se enfoca en resaltar la belleza de M\u00e9xico para ofrecer a los turistas una experiencia incre\u00edble y placentera, pero adem\u00e1s se fomenta el orgullo de identidad y pertenencia de los lugare\u00f1os.<\/p>\n<p style=\"text-align: justify;\">Detall\u00f3 que en la entidad ya se han realizado trabajos de mejoramiento de imagen urbana en los municipios de Ixtenco, El Carmen Tequexquitla y Tetla, adem\u00e1s de los Pueblos M\u00e1gicos de Huamantla y Tlaxco.<\/p>\n<p>Rodr\u00edguez Zamora afirm\u00f3 que estas acciones continuar\u00e1n, porque Tlaxcala trabaja para que sus calles luzcan ordenadas, limpias y sean una atractivo para el turismo nacional e internacional.<\/p>\n","protected":false},"excerpt":{"rendered":"<p>Estos trabajos se hacen como parte del Programa Rutas M\u00e1gicas de Color, del gobierno federal Con una inversi\u00f3n de 900 mil pesos, la Secretar\u00eda de Turismo del estado (Secture) y el municipio de San Pablo del Monte iniciaron el embellecimiento de fachadas y la rehabilitaci\u00f3n de la imagen urbana en diversos barrios, en m\u00e1s de [&hellip;]<\/p>\n","protected":false},"author":3,"featured_media":25150,"comment_status":"open","ping_status":"open","sticky":false,"template":"","format":"standard","meta":{"footnotes":""},"categories":[7],"tags":[],"class_list":["post-25138","post","type-post","status-publish","format-standard","has-post-thumbnail","hentry","category-ciudadanos"],"amp_enabled":true,"_links":{"self":[{"href":"https:\/\/labestiapolitica.com.mx\/index.php?rest_route=\/wp\/v2\/posts\/25138","targetHints":{"allow":["GET"]}}],"collection":[{"href":"https:\/\/labestiapolitica.com.mx\/index.php?rest_route=\/wp\/v2\/posts"}],"about":[{"href":"https:\/\/labestiapolitica.com.mx\/index.php?rest_route=\/wp\/v2\/types\/post"}],"author":[{"embeddable":true,"href":"https:\/\/labestiapolitica.com.mx\/index.php?rest_route=\/wp\/v2\/users\/3"}],"replies":[{"embeddable":true,"href":"https:\/\/labestiapolitica.com.mx\/index.php?rest_route=%2Fwp%2Fv2%2Fcomments&post=25138"}],"version-history":[{"count":1,"href":"https:\/\/labestiapolitica.com.mx\/index.php?rest_route=\/wp\/v2\/posts\/25138\/revisions"}],"predecessor-version":[{"id":25151,"href":"https:\/\/labestiapolitica.com.mx\/index.php?rest_route=\/wp\/v2\/posts\/25138\/revisions\/25151"}],"wp:featuredmedia":[{"embeddable":true,"href":"https:\/\/labestiapolitica.com.mx\/index.php?rest_route=\/wp\/v2\/media\/25150"}],"wp:attachment":[{"href":"https:\/\/labestiapolitica.com.mx\/index.php?rest_route=%2Fwp%2Fv2%2Fmedia&parent=25138"}],"wp:term":[{"taxonomy":"category","embeddable":true,"href":"https:\/\/labestiapolitica.com.mx\/index.php?rest_route=%2Fwp%2Fv2%2Fcategories&post=25138"},{"taxonomy":"post_tag","embeddable":true,"href":"https:\/\/labestiapolitica.com.mx\/index.php?rest_route=%2Fwp%2Fv2%2Ftags&post=25138"}],"curies":[{"name":"wp","href":"https:\/\/api.w.org\/{rel}","templated":true}]}}