{"id":25140,"date":"2024-02-12T17:52:40","date_gmt":"2024-02-12T23:52:40","guid":{"rendered":"https:\/\/labestiapolitica.com.mx\/?p=25140"},"modified":"2024-02-12T17:52:40","modified_gmt":"2024-02-12T23:52:40","slug":"fortalece-cecyte-emsad-educacion-socioemocional-en-su-personal","status":"publish","type":"post","link":"https:\/\/labestiapolitica.com.mx\/?p=25140","title":{"rendered":"Fortalece Cecyte-Emsad educaci\u00f3n socioemocional en su personal."},"content":{"rendered":"<ul>\n<li style=\"text-align: justify;\">Con conferencia magna dirigida a personal docente, administrativo y de apoyo a la educaci\u00f3n<\/li>\n<\/ul>\n<p style=\"text-align: justify;\">\u201cHoy vamos a iniciar una nueva forma de desarrollar la educaci\u00f3n, al relacionar la inteligencia emocional y desde una perspectiva humanista\u201d, sostuvo el doctor en educaci\u00f3n, Norberto Cervantes Contreras, durante la conferencia magistral: \u201cEstoy aqu\u00ed para transformar el Colegio\u201d, como parte del cierre de la jornada de capacitaci\u00f3n docente del Colegio de Estudios Cient\u00edficos y Tecnol\u00f3gicos del Estado (CECyTE) y los Centros de Educaci\u00f3n Media Superior a Distancia (EMSaD).<\/p>\n<p style=\"text-align: justify;\">El tambi\u00e9n director general del colegio enfatiz\u00f3 que la educaci\u00f3n es un c\u00edrculo virtuoso en el que los docentes dejan huella en los estudiantes d\u00eda a d\u00eda en las aulas, por lo que consider\u00f3 que es vital evolucionar con la tecnolog\u00eda y las circunstancias.<\/p>\n<p style=\"text-align: justify;\">Cervantes Contreras conmin\u00f3 a los colaboradores del subsistema al trabajo en equipo: \u201cLa inteligencia emocional es la clave para el trabajo en equipo, para transformar al colegio\u201d.<\/p>\n<p style=\"text-align: justify;\">Actualmente el CECyTE se ha convertido en el subsistema de educaci\u00f3n media superior m\u00e1s grande del estado, con una matr\u00edcula de m\u00e1s de 17 mil 900 estudiantes.<\/p>\n<p style=\"text-align: justify;\">En este contexto, tambi\u00e9n se present\u00f3 el mimo Fernando Mendoza, actor y bailar\u00edn profesional desde hace m\u00e1s de 25 a\u00f1os, con una trayectoria a nivel nacional e internacional, quien interact\u00fao con el p\u00fablico presente con sus espect\u00e1culos: \u201cEl Pachuco misterioso y Momo\u201d.<\/p>\n<p style=\"text-align: justify;\">Docentes, administrativos y personal de apoyo a la educaci\u00f3n, se dieron cita en el Centro Cultural Universitario de la Universidad Aut\u00f3noma de Tlaxcala (CCU-UATx), para el cierre de la jornada de capacitaci\u00f3n docente, antesala del inicio del semestre \u201cB\u201d del ciclo escolar 2023 -2024.<\/p>\n","protected":false},"excerpt":{"rendered":"<p>Con conferencia magna dirigida a personal docente, administrativo y de apoyo a la educaci\u00f3n \u201cHoy vamos a iniciar una nueva forma de desarrollar la educaci\u00f3n, al relacionar la inteligencia emocional y desde una perspectiva humanista\u201d, sostuvo el doctor en educaci\u00f3n, Norberto Cervantes Contreras, durante la conferencia magistral: \u201cEstoy aqu\u00ed para transformar el Colegio\u201d, como parte [&hellip;]<\/p>\n","protected":false},"author":3,"featured_media":25141,"comment_status":"open","ping_status":"open","sticky":false,"template":"","format":"standard","meta":{"footnotes":""},"categories":[7],"tags":[],"class_list":["post-25140","post","type-post","status-publish","format-standard","has-post-thumbnail","hentry","category-ciudadanos"],"amp_enabled":true,"_links":{"self":[{"href":"https:\/\/labestiapolitica.com.mx\/index.php?rest_route=\/wp\/v2\/posts\/25140","targetHints":{"allow":["GET"]}}],"collection":[{"href":"https:\/\/labestiapolitica.com.mx\/index.php?rest_route=\/wp\/v2\/posts"}],"about":[{"href":"https:\/\/labestiapolitica.com.mx\/index.php?rest_route=\/wp\/v2\/types\/post"}],"author":[{"embeddable":true,"href":"https:\/\/labestiapolitica.com.mx\/index.php?rest_route=\/wp\/v2\/users\/3"}],"replies":[{"embeddable":true,"href":"https:\/\/labestiapolitica.com.mx\/index.php?rest_route=%2Fwp%2Fv2%2Fcomments&post=25140"}],"version-history":[{"count":1,"href":"https:\/\/labestiapolitica.com.mx\/index.php?rest_route=\/wp\/v2\/posts\/25140\/revisions"}],"predecessor-version":[{"id":25142,"href":"https:\/\/labestiapolitica.com.mx\/index.php?rest_route=\/wp\/v2\/posts\/25140\/revisions\/25142"}],"wp:featuredmedia":[{"embeddable":true,"href":"https:\/\/labestiapolitica.com.mx\/index.php?rest_route=\/wp\/v2\/media\/25141"}],"wp:attachment":[{"href":"https:\/\/labestiapolitica.com.mx\/index.php?rest_route=%2Fwp%2Fv2%2Fmedia&parent=25140"}],"wp:term":[{"taxonomy":"category","embeddable":true,"href":"https:\/\/labestiapolitica.com.mx\/index.php?rest_route=%2Fwp%2Fv2%2Fcategories&post=25140"},{"taxonomy":"post_tag","embeddable":true,"href":"https:\/\/labestiapolitica.com.mx\/index.php?rest_route=%2Fwp%2Fv2%2Ftags&post=25140"}],"curies":[{"name":"wp","href":"https:\/\/api.w.org\/{rel}","templated":true}]}}