{"id":25143,"date":"2024-02-12T17:56:41","date_gmt":"2024-02-12T23:56:41","guid":{"rendered":"https:\/\/labestiapolitica.com.mx\/?p=25143"},"modified":"2024-02-12T17:56:41","modified_gmt":"2024-02-12T23:56:41","slug":"busca-cobat-erradicar-la-exclusion-y-la-discriminacion-en-conferencias-cero-tolerancia","status":"publish","type":"post","link":"https:\/\/labestiapolitica.com.mx\/?p=25143","title":{"rendered":"Busca Cobat erradicar la exclusi\u00f3n y la discriminaci\u00f3n en conferencias cero tolerancia."},"content":{"rendered":"<ul>\n<li style=\"text-align: justify;\">El Centro de Rehabilitaci\u00f3n Integral promueve la igualdad en para los estudiantes del Subsistema de Educaci\u00f3n Media Superior<\/li>\n<\/ul>\n<p style=\"text-align: justify;\">En marco de la b\u00fasqueda continua por promover la inclusi\u00f3n y la equidad en la sociedad, se llev\u00f3 a cabo el segundo ciclo de conferencias \u201cCero Tolerancia\u00bb en el Colegio de Bachilleres del Estado (Cobat), un evento enfocado en erradicar la exclusi\u00f3n y la discriminaci\u00f3n que enfrentan las personas con discapacidad.<\/p>\n<p style=\"text-align: justify;\">La conferencia se realiz\u00f3 en las instalaciones del plantel 01 Tlaxcala y reuni\u00f3 a las autoridades educativas y estudiantes del plantel con el objetivo de abordar los desaf\u00edos y oportunidades que garantizan entornos educativos inclusivos y accesibles para todos.<\/p>\n<p style=\"text-align: justify;\">Durante el evento, se destacaron diversas iniciativas, las buenas pr\u00e1cticas para promover la inclusi\u00f3n y el respeto a la discapacidad, la importancia de la sensibilizaci\u00f3n, la adaptaci\u00f3n de los espacios f\u00edsicos y la obtenci\u00f3n de los recursos pedag\u00f3gicos para el bienestar de la comunidad estudiantil.<\/p>\n<p style=\"text-align: justify;\">Asistieron la coordinadora de la unidad de g\u00e9nero y cultura de paz, Sandra Jisela Montiel Zainos y el director del Centro de Rehabilitaci\u00f3n Integral de Tlaxcala, Irving Uriel Manzano Olvera, quienes resaltaron en sus ponencias la importancia de promover una educaci\u00f3n de igualdad dentro de los planteles que integran el Colegio de Bachilleres.<\/p>\n<p style=\"text-align: justify;\">En este marco, se cont\u00f3 con la participaci\u00f3n de estudiantes con discapacidad, quienes, mediante testimonios, dieron a conocer los obst\u00e1culos y las metas alcanzadas y pusieron \u00e9nfasis en el potencial y las capacidades que cada individuo posee.<\/p>\n<p style=\"text-align: justify;\">En su mensaje a los estudiantes, el director general del Cobat, Jos\u00e9 Alonso Trujillo Dom\u00ednguez, exhort\u00f3 a no discriminar a nadie, ni por cuestiones fisiol\u00f3gicas, religiosas, sociales o diferencias de alg\u00fan tipo.<\/p>\n<p style=\"text-align: justify;\">\u201cEs nuestro deber promover un entorno de respeto, comprensi\u00f3n y apoyo mutuo, donde cualquier individuo se sienta valorado y aceptado dentro de nuestras instituciones educativas\u201d, dijo.<\/p>\n<p style=\"text-align: justify;\">Con estas acciones, el Cobat alcanza una construcci\u00f3n de entornos educativos m\u00e1s inclusivos, reafirmando el compromiso con la sociedad para garantizar los derechos de todas las y los j\u00f3venes con diferentes discapacidades dentro y fuera del subsistema de educaci\u00f3n media superior.<\/p>\n","protected":false},"excerpt":{"rendered":"<p>El Centro de Rehabilitaci\u00f3n Integral promueve la igualdad en para los estudiantes del Subsistema de Educaci\u00f3n Media Superior En marco de la b\u00fasqueda continua por promover la inclusi\u00f3n y la equidad en la sociedad, se llev\u00f3 a cabo el segundo ciclo de conferencias \u201cCero Tolerancia\u00bb en el Colegio de Bachilleres del Estado (Cobat), un evento [&hellip;]<\/p>\n","protected":false},"author":3,"featured_media":25144,"comment_status":"open","ping_status":"open","sticky":false,"template":"","format":"standard","meta":{"footnotes":""},"categories":[7],"tags":[],"class_list":["post-25143","post","type-post","status-publish","format-standard","has-post-thumbnail","hentry","category-ciudadanos"],"amp_enabled":true,"_links":{"self":[{"href":"https:\/\/labestiapolitica.com.mx\/index.php?rest_route=\/wp\/v2\/posts\/25143","targetHints":{"allow":["GET"]}}],"collection":[{"href":"https:\/\/labestiapolitica.com.mx\/index.php?rest_route=\/wp\/v2\/posts"}],"about":[{"href":"https:\/\/labestiapolitica.com.mx\/index.php?rest_route=\/wp\/v2\/types\/post"}],"author":[{"embeddable":true,"href":"https:\/\/labestiapolitica.com.mx\/index.php?rest_route=\/wp\/v2\/users\/3"}],"replies":[{"embeddable":true,"href":"https:\/\/labestiapolitica.com.mx\/index.php?rest_route=%2Fwp%2Fv2%2Fcomments&post=25143"}],"version-history":[{"count":1,"href":"https:\/\/labestiapolitica.com.mx\/index.php?rest_route=\/wp\/v2\/posts\/25143\/revisions"}],"predecessor-version":[{"id":25145,"href":"https:\/\/labestiapolitica.com.mx\/index.php?rest_route=\/wp\/v2\/posts\/25143\/revisions\/25145"}],"wp:featuredmedia":[{"embeddable":true,"href":"https:\/\/labestiapolitica.com.mx\/index.php?rest_route=\/wp\/v2\/media\/25144"}],"wp:attachment":[{"href":"https:\/\/labestiapolitica.com.mx\/index.php?rest_route=%2Fwp%2Fv2%2Fmedia&parent=25143"}],"wp:term":[{"taxonomy":"category","embeddable":true,"href":"https:\/\/labestiapolitica.com.mx\/index.php?rest_route=%2Fwp%2Fv2%2Fcategories&post=25143"},{"taxonomy":"post_tag","embeddable":true,"href":"https:\/\/labestiapolitica.com.mx\/index.php?rest_route=%2Fwp%2Fv2%2Ftags&post=25143"}],"curies":[{"name":"wp","href":"https:\/\/api.w.org\/{rel}","templated":true}]}}