{"id":25215,"date":"2024-02-16T11:46:26","date_gmt":"2024-02-16T17:46:26","guid":{"rendered":"https:\/\/labestiapolitica.com.mx\/?p=25215"},"modified":"2024-02-16T11:46:26","modified_gmt":"2024-02-16T17:46:26","slug":"el-smdif-tlaxcala-gestiona-a-poyos-para-personas-con-discapacidad-en-la-capital","status":"publish","type":"post","link":"https:\/\/labestiapolitica.com.mx\/?p=25215","title":{"rendered":"El SMDIF Tlaxcala gestiona a poyos para personas con discapacidad en la capital."},"content":{"rendered":"<div class=\"xdj266r x11i5rnm xat24cr x1mh8g0r x1vvkbs x126k92a\"><\/div>\n<div class=\"x11i5rnm xat24cr x1mh8g0r x1vvkbs xtlvy1s x126k92a\">\n<div dir=\"auto\" style=\"text-align: justify;\">El Ayuntamiento de Tlaxcala a trav\u00e9s del Sistema Municipal DIF en coadyuvancia con las Coordinaciones de Salud y Desarrollo comunitario, realizaron la gesti\u00f3n y el acompa\u00f1amiento ante el Patrimonio de la Beneficencia P\u00fablica del Estado de Tlaxcala (APBET) y entrego apoyos funcionales a personas en situaci\u00f3n de vulnerabilidad.<\/div>\n<\/div>\n<div class=\"x11i5rnm xat24cr x1mh8g0r x1vvkbs xtlvy1s x126k92a\" style=\"text-align: justify;\">\n<div dir=\"auto\">En esta oportunidad se entregaron aparatos de movilidad a 11 personas, 28 beneficiarios de auxiliares auditivos y 53 para lentes de armaz\u00f3n, programa que es permanente.<\/div>\n<\/div>\n<div class=\"x11i5rnm xat24cr x1mh8g0r x1vvkbs xtlvy1s x126k92a\" style=\"text-align: justify;\">\n<div dir=\"auto\">Est\u00e1s ayudas funcionales y\/o apoyos especiales favorecen la rehabilitaci\u00f3n, inclusi\u00f3n social y en su caso, prevenir discapacidades secundarias, a trav\u00e9s de instrumentos, dispositivos y herramientas que permitir\u00e1n a las personas con discapacidad temporal o permanente, realizar actividades como desplazarse, obtener movimiento, escuchar, ver, caminar, trabajar y mejorar considerablemente su calidad de vida.<\/div>\n<\/div>\n<div class=\"x11i5rnm xat24cr x1mh8g0r x1vvkbs xtlvy1s x126k92a\" style=\"text-align: justify;\">\n<div dir=\"auto\">Los apoyos funcionales se seguir\u00e1n dando de forma gratuita a aquellos solicitantes que cumplan con los siguientes requisitos para su registro:<\/div>\n<\/div>\n<div class=\"x11i5rnm xat24cr x1mh8g0r x1vvkbs xtlvy1s x126k92a\" style=\"text-align: justify;\">\n<div dir=\"auto\">\u2022 Fotocopia de INE (VIGENTE)<\/div>\n<div dir=\"auto\">\u2022 Fotocopia de CURP (ACTUALIZADO)<\/div>\n<div dir=\"auto\">\u2022 Comprobante de domicilio (importante que la direcci\u00f3n coincida con la INE)<\/div>\n<\/div>\n<div class=\"x11i5rnm xat24cr x1mh8g0r x1vvkbs xtlvy1s x126k92a\">\n<div dir=\"auto\" style=\"text-align: justify;\">Las y los interesados en recibir mas informaci\u00f3n en Tlaxcala Capital pueden acercarse a la coordinaci\u00f3n de desarrollo comunitario o de Salud del Sistema Municipal DIF de Tlaxcala ubicado en Calle 1 #399 en la colonia La Loma Xicohtencatl o al n\u00famero telef\u00f3nico (246) 46 2 44 91 Ext. 103 o 104<\/div>\n<\/div>\n","protected":false},"excerpt":{"rendered":"<p>El Ayuntamiento de Tlaxcala a trav\u00e9s del Sistema Municipal DIF en coadyuvancia con las Coordinaciones de Salud y Desarrollo comunitario, realizaron la gesti\u00f3n y el acompa\u00f1amiento ante el Patrimonio de la Beneficencia P\u00fablica del Estado de Tlaxcala (APBET) y entrego apoyos funcionales a personas en situaci\u00f3n de vulnerabilidad. En esta oportunidad se entregaron aparatos de [&hellip;]<\/p>\n","protected":false},"author":3,"featured_media":25216,"comment_status":"open","ping_status":"open","sticky":false,"template":"","format":"standard","meta":{"footnotes":""},"categories":[7],"tags":[],"class_list":["post-25215","post","type-post","status-publish","format-standard","has-post-thumbnail","hentry","category-ciudadanos"],"amp_enabled":true,"_links":{"self":[{"href":"https:\/\/labestiapolitica.com.mx\/index.php?rest_route=\/wp\/v2\/posts\/25215","targetHints":{"allow":["GET"]}}],"collection":[{"href":"https:\/\/labestiapolitica.com.mx\/index.php?rest_route=\/wp\/v2\/posts"}],"about":[{"href":"https:\/\/labestiapolitica.com.mx\/index.php?rest_route=\/wp\/v2\/types\/post"}],"author":[{"embeddable":true,"href":"https:\/\/labestiapolitica.com.mx\/index.php?rest_route=\/wp\/v2\/users\/3"}],"replies":[{"embeddable":true,"href":"https:\/\/labestiapolitica.com.mx\/index.php?rest_route=%2Fwp%2Fv2%2Fcomments&post=25215"}],"version-history":[{"count":1,"href":"https:\/\/labestiapolitica.com.mx\/index.php?rest_route=\/wp\/v2\/posts\/25215\/revisions"}],"predecessor-version":[{"id":25217,"href":"https:\/\/labestiapolitica.com.mx\/index.php?rest_route=\/wp\/v2\/posts\/25215\/revisions\/25217"}],"wp:featuredmedia":[{"embeddable":true,"href":"https:\/\/labestiapolitica.com.mx\/index.php?rest_route=\/wp\/v2\/media\/25216"}],"wp:attachment":[{"href":"https:\/\/labestiapolitica.com.mx\/index.php?rest_route=%2Fwp%2Fv2%2Fmedia&parent=25215"}],"wp:term":[{"taxonomy":"category","embeddable":true,"href":"https:\/\/labestiapolitica.com.mx\/index.php?rest_route=%2Fwp%2Fv2%2Fcategories&post=25215"},{"taxonomy":"post_tag","embeddable":true,"href":"https:\/\/labestiapolitica.com.mx\/index.php?rest_route=%2Fwp%2Fv2%2Ftags&post=25215"}],"curies":[{"name":"wp","href":"https:\/\/api.w.org\/{rel}","templated":true}]}}