{"id":25231,"date":"2024-02-16T17:21:01","date_gmt":"2024-02-16T23:21:01","guid":{"rendered":"https:\/\/labestiapolitica.com.mx\/?p=25231"},"modified":"2024-02-19T13:42:42","modified_gmt":"2024-02-19T19:42:42","slug":"un-exito-total-el-gran-concurso-de-camadas-traspasando-fronteras-en-chiautempan","status":"publish","type":"post","link":"https:\/\/labestiapolitica.com.mx\/?p=25231","title":{"rendered":"Un \u00e9xito total el gran concurso de camadas \u00abTraspasando Fronteras\u00bb en Chiautempan."},"content":{"rendered":"<p style=\"text-align: justify;\">Todo un \u00e9xito el segundo Concurso de Camadas \u201cTraspasando Fronteras\u201d organizado por el Ayuntamiento de Chiautempan que encabeza el Presidente Municipal, Gustavo Jim\u00e9nez Romero.<\/p>\n<p style=\"text-align: justify;\">En su mensaje inaugural, el Presidente Municipal Gustavo Jim\u00e9nez Romero se\u00f1al\u00f3 que este d\u00eda es significativo por dos razones, el primero por dar inicio al concurso de camadas y segundo, por la coronaci\u00f3n de Am\u00e9rica primera, reina del carnaval.<\/p>\n<p style=\"text-align: justify;\">Jim\u00e9nez Romero resalt\u00f3 que el carnaval de Chiautempan realza las tradiciones, cultura y folclor, \u201ca la ciudadan\u00eda local y visitantes, quiero decirles que Chiautempan los recibe con los brazos abiertos, disfruten de esta fiesta multicolor, eventos pensados para ustedes\u201d.<\/p>\n<p style=\"text-align: justify;\">Previ\u00f3 al inicio del concurso, el Alcalde Gustavo Jim\u00e9nez coron\u00f3 a Am\u00e9rica Hern\u00e1ndez Meneses, reina del Carnaval 2024, a quien pidi\u00f3 sea la portavoz de que en Chiautempan se preservan las tradiciones, costumbres y cultura.<\/p>\n<p style=\"text-align: justify;\">De esta manera, el pasado lunes el parque Ju\u00e1rez luci\u00f3 un lleno total al sonido de m\u00fasica en vivo, danzas y trajes multicolores para dar inicio al primer d\u00eda del Concurso \u201cTraspasando Fronteras\u201d con la presentaci\u00f3n de las camadas: La Concha, Chiautempan, Metztitl\u00e1n, Toci, Lucero y Zeltzin.<\/p>\n<p style=\"text-align: justify;\">Para el segundo d\u00eda y final del concurso, se presentaron las camadas: Flor de Chiautempan, Quetzalzin, Juvenil Chiautempan, Juvenil Cuahuixmatlac y Monumental.<\/p>\n<p style=\"text-align: justify;\">Luego de un an\u00e1lisis exhaustivo, el jurado calificador anunci\u00f3 que el primer lugar es para la Camada Metztitl\u00e1n, quienes se hicieron acreedores de veinte mil pesos.<\/p>\n<p style=\"text-align: justify;\">El segundo lugar es para la Camada Zeltzin con un premio de doce mil pesos y el tercer lugar para la Camada Quetzalzin con ocho mil pesos.<\/p>\n<p style=\"text-align: justify;\">Cabe destacar que, pensando en un concurso transparente, legal, equitativo y apegado a las tradiciones carnavalescas, el Ayuntamiento de Chiautempan busc\u00f3 que cada camada participante propusiera a una persona para integrar al jurado calificador.<\/p>\n","protected":false},"excerpt":{"rendered":"<p>Todo un \u00e9xito el segundo Concurso de Camadas \u201cTraspasando Fronteras\u201d organizado por el Ayuntamiento de Chiautempan que encabeza el Presidente Municipal, Gustavo Jim\u00e9nez Romero. En su mensaje inaugural, el Presidente Municipal Gustavo Jim\u00e9nez Romero se\u00f1al\u00f3 que este d\u00eda es significativo por dos razones, el primero por dar inicio al concurso de camadas y segundo, por [&hellip;]<\/p>\n","protected":false},"author":3,"featured_media":25232,"comment_status":"open","ping_status":"open","sticky":false,"template":"","format":"standard","meta":{"footnotes":""},"categories":[7],"tags":[],"class_list":["post-25231","post","type-post","status-publish","format-standard","has-post-thumbnail","hentry","category-ciudadanos"],"amp_enabled":true,"_links":{"self":[{"href":"https:\/\/labestiapolitica.com.mx\/index.php?rest_route=\/wp\/v2\/posts\/25231","targetHints":{"allow":["GET"]}}],"collection":[{"href":"https:\/\/labestiapolitica.com.mx\/index.php?rest_route=\/wp\/v2\/posts"}],"about":[{"href":"https:\/\/labestiapolitica.com.mx\/index.php?rest_route=\/wp\/v2\/types\/post"}],"author":[{"embeddable":true,"href":"https:\/\/labestiapolitica.com.mx\/index.php?rest_route=\/wp\/v2\/users\/3"}],"replies":[{"embeddable":true,"href":"https:\/\/labestiapolitica.com.mx\/index.php?rest_route=%2Fwp%2Fv2%2Fcomments&post=25231"}],"version-history":[{"count":1,"href":"https:\/\/labestiapolitica.com.mx\/index.php?rest_route=\/wp\/v2\/posts\/25231\/revisions"}],"predecessor-version":[{"id":25233,"href":"https:\/\/labestiapolitica.com.mx\/index.php?rest_route=\/wp\/v2\/posts\/25231\/revisions\/25233"}],"wp:featuredmedia":[{"embeddable":true,"href":"https:\/\/labestiapolitica.com.mx\/index.php?rest_route=\/wp\/v2\/media\/25232"}],"wp:attachment":[{"href":"https:\/\/labestiapolitica.com.mx\/index.php?rest_route=%2Fwp%2Fv2%2Fmedia&parent=25231"}],"wp:term":[{"taxonomy":"category","embeddable":true,"href":"https:\/\/labestiapolitica.com.mx\/index.php?rest_route=%2Fwp%2Fv2%2Fcategories&post=25231"},{"taxonomy":"post_tag","embeddable":true,"href":"https:\/\/labestiapolitica.com.mx\/index.php?rest_route=%2Fwp%2Fv2%2Ftags&post=25231"}],"curies":[{"name":"wp","href":"https:\/\/api.w.org\/{rel}","templated":true}]}}