{"id":25297,"date":"2024-02-21T14:52:44","date_gmt":"2024-02-21T20:52:44","guid":{"rendered":"https:\/\/labestiapolitica.com.mx\/?p=25297"},"modified":"2024-02-22T16:05:40","modified_gmt":"2024-02-22T22:05:40","slug":"con-lopez-obrador-y-lorena-cuellar-la-democracia-y-las-libertades-mas-vigentes-que-nunca-morena","status":"publish","type":"post","link":"https:\/\/labestiapolitica.com.mx\/?p=25297","title":{"rendered":"Con L\u00f3pez Obrador y Lorena Cu\u00e9llar la democracia y las libertades m\u00e1s vigentes que nunca: Morena."},"content":{"rendered":"<p style=\"text-align: justify;\">Carlos Augusto P\u00e9rez Hern\u00e1ndez, presidente del Comit\u00e9 Ejecutivo Estatal (CEE) de Morena, destac\u00f3 que actualmente en M\u00e9xico y Tlaxcala se vive un proceso hist\u00f3rico de cambio en el que las libertades, los derechos, la democracia, la justicia y el bienestar social son una realidad que beneficia a millones.<\/p>\n<p style=\"text-align: justify;\">Celebr\u00f3 que, en su reciente visita a Tlaxcala, el presidente Andr\u00e9s Manuel L\u00f3pez Obrador, m\u00e1ximo dirigente del movimiento transformador, haya dado muestras de que el Humanismo Mexicano sea el modelo de gobierno que da resultados cumpli\u00e9ndole al pueblo.<\/p>\n<p style=\"text-align: justify;\">Asimismo, el l\u00edder de Morena coincidi\u00f3 con lo dicho por la mandataria tlaxcalteca Lorena Cu\u00e9llar Cisneros, quien expres\u00f3 que L\u00f3pez Obrador es el reconstructor de M\u00e9xico, pues en los casi seis a\u00f1os de su administraci\u00f3n ha regenerando la vida p\u00fablica haciendo posible los que en m\u00e1s de 30 a\u00f1os de neoliberalismo no pudo lograrse.<\/p>\n<p style=\"text-align: justify;\">En ese sentido, Carlos Augusto lament\u00f3 que, a trav\u00e9s de la mentira, la manipulaci\u00f3n y el odio, un sector de opositores a la transformaci\u00f3n se haya manifestado para ponerse, nuevamente, en contra del pueblo, argumentando un falso atentado a la democracia; sin embargo, resalt\u00f3 que su derecho a la manifestaci\u00f3n se haya garantizado en M\u00e9xico y Tlaxcala gracias a las condiciones de mayores libertades para todos los sectores que se han generado en este gobierno.<\/p>\n<p style=\"text-align: justify;\">Finalmente, se\u00f1alo que, con el apoyo mayoritario de los tlaxcaltecas, la Cuarta Transformaci\u00f3n seguir\u00e1 consolid\u00e1ndose.<\/p>\n","protected":false},"excerpt":{"rendered":"<p>Carlos Augusto P\u00e9rez Hern\u00e1ndez, presidente del Comit\u00e9 Ejecutivo Estatal (CEE) de Morena, destac\u00f3 que actualmente en M\u00e9xico y Tlaxcala se vive un proceso hist\u00f3rico de cambio en el que las libertades, los derechos, la democracia, la justicia y el bienestar social son una realidad que beneficia a millones. Celebr\u00f3 que, en su reciente visita a [&hellip;]<\/p>\n","protected":false},"author":3,"featured_media":25298,"comment_status":"open","ping_status":"open","sticky":false,"template":"","format":"standard","meta":{"footnotes":""},"categories":[7],"tags":[],"class_list":["post-25297","post","type-post","status-publish","format-standard","has-post-thumbnail","hentry","category-ciudadanos"],"amp_enabled":true,"_links":{"self":[{"href":"https:\/\/labestiapolitica.com.mx\/index.php?rest_route=\/wp\/v2\/posts\/25297","targetHints":{"allow":["GET"]}}],"collection":[{"href":"https:\/\/labestiapolitica.com.mx\/index.php?rest_route=\/wp\/v2\/posts"}],"about":[{"href":"https:\/\/labestiapolitica.com.mx\/index.php?rest_route=\/wp\/v2\/types\/post"}],"author":[{"embeddable":true,"href":"https:\/\/labestiapolitica.com.mx\/index.php?rest_route=\/wp\/v2\/users\/3"}],"replies":[{"embeddable":true,"href":"https:\/\/labestiapolitica.com.mx\/index.php?rest_route=%2Fwp%2Fv2%2Fcomments&post=25297"}],"version-history":[{"count":1,"href":"https:\/\/labestiapolitica.com.mx\/index.php?rest_route=\/wp\/v2\/posts\/25297\/revisions"}],"predecessor-version":[{"id":25299,"href":"https:\/\/labestiapolitica.com.mx\/index.php?rest_route=\/wp\/v2\/posts\/25297\/revisions\/25299"}],"wp:featuredmedia":[{"embeddable":true,"href":"https:\/\/labestiapolitica.com.mx\/index.php?rest_route=\/wp\/v2\/media\/25298"}],"wp:attachment":[{"href":"https:\/\/labestiapolitica.com.mx\/index.php?rest_route=%2Fwp%2Fv2%2Fmedia&parent=25297"}],"wp:term":[{"taxonomy":"category","embeddable":true,"href":"https:\/\/labestiapolitica.com.mx\/index.php?rest_route=%2Fwp%2Fv2%2Fcategories&post=25297"},{"taxonomy":"post_tag","embeddable":true,"href":"https:\/\/labestiapolitica.com.mx\/index.php?rest_route=%2Fwp%2Fv2%2Ftags&post=25297"}],"curies":[{"name":"wp","href":"https:\/\/api.w.org\/{rel}","templated":true}]}}