{"id":25311,"date":"2024-02-21T17:41:10","date_gmt":"2024-02-21T23:41:10","guid":{"rendered":"https:\/\/labestiapolitica.com.mx\/?p=25311"},"modified":"2024-02-21T17:41:10","modified_gmt":"2024-02-21T23:41:10","slug":"prepara-utt-ceremonia-de-graduacion-de-nuevos-profesionistas","status":"publish","type":"post","link":"https:\/\/labestiapolitica.com.mx\/?p=25311","title":{"rendered":"Prepara UTT ceremonia de graduaci\u00f3n de nuevos profesionistas."},"content":{"rendered":"<ul>\n<li style=\"text-align: justify;\">El rector Moctezuma Bautista V\u00e1squez manifest\u00f3 su orgullo por entregar a la sociedad m\u00e1s de 500 egresados<\/li>\n<\/ul>\n<p style=\"text-align: justify;\">La Universidad Tecnol\u00f3gica de Tlaxcala (UTT) llevar\u00e1 a cabo la ceremonia de graduaci\u00f3n correspondiente a las diferentes carreras de la generaci\u00f3n 2021-2023 y se llevar\u00e1 a cabo en las instalaciones del centro c\u00edvico de Huamantla el pr\u00f3ximo 23 de febrero a las 11:00 horas.<\/p>\n<p style=\"text-align: justify;\">Ah\u00ed, m\u00e1s de 500 egresados de las carreras de t\u00e9cnico superior universitario, ingenier\u00edas, licenciaturas y maestr\u00edas, recibir\u00e1n su reconocimiento, por parte de esta instituci\u00f3n, por el desempe\u00f1o en sus estudios.<\/p>\n<p style=\"text-align: justify;\">En este acto tambi\u00e9n se entregar\u00e1n los reconocimientos a los mejores promedios.<\/p>\n<p style=\"text-align: justify;\">A nombre de la comunidad que forma parte de la UTT, el rector Moctezuma Bautista V\u00e1squez manifest\u00f3 su orgullo por entregar a la sociedad m\u00e1s de 500 profesionistas, quienes confiaron en esta casa de estudios para lograr su formaci\u00f3n.<\/p>\n<p style=\"text-align: justify;\">Por ello, refiri\u00f3 que, a esta ceremonia, se dar\u00e1n cita los integrantes de la estructura directiva de la UTT, as\u00ed como acad\u00e9micos, familiares de los graduados e invitados especiales, para atestiguar la culminaci\u00f3n de sus estudios.<\/p>\n<p style=\"text-align: justify;\">Los graduados forman parte de las carreras de Procesos Industriales \u00c1rea Automotriz, Procesos Industriales \u00c1rea Manufactura, Procesos Industriales \u00c1rea Pl\u00e1stica; de las ingenier\u00edas en Procesos Industriales, Mantenimientos Industriales, y Tecnotr\u00f3nica; de las licenciaturas en Innovaci\u00f3n de Negocios y Mercadotecnia, y Gesti\u00f3n de Capital Humano, as\u00ed como de la Maestr\u00eda en Ingenier\u00eda en Gesti\u00f3n de Procesos Industriales, entre otras.<\/p>\n<p style=\"text-align: justify;\">De esta manera, la UTT refrenda su compromiso de formar profesionales que contribuyan al desarrollo del estado.<\/p>\n","protected":false},"excerpt":{"rendered":"<p>El rector Moctezuma Bautista V\u00e1squez manifest\u00f3 su orgullo por entregar a la sociedad m\u00e1s de 500 egresados La Universidad Tecnol\u00f3gica de Tlaxcala (UTT) llevar\u00e1 a cabo la ceremonia de graduaci\u00f3n correspondiente a las diferentes carreras de la generaci\u00f3n 2021-2023 y se llevar\u00e1 a cabo en las instalaciones del centro c\u00edvico de Huamantla el pr\u00f3ximo 23 [&hellip;]<\/p>\n","protected":false},"author":3,"featured_media":25312,"comment_status":"open","ping_status":"open","sticky":false,"template":"","format":"standard","meta":{"footnotes":""},"categories":[7],"tags":[],"class_list":["post-25311","post","type-post","status-publish","format-standard","has-post-thumbnail","hentry","category-ciudadanos"],"amp_enabled":true,"_links":{"self":[{"href":"https:\/\/labestiapolitica.com.mx\/index.php?rest_route=\/wp\/v2\/posts\/25311","targetHints":{"allow":["GET"]}}],"collection":[{"href":"https:\/\/labestiapolitica.com.mx\/index.php?rest_route=\/wp\/v2\/posts"}],"about":[{"href":"https:\/\/labestiapolitica.com.mx\/index.php?rest_route=\/wp\/v2\/types\/post"}],"author":[{"embeddable":true,"href":"https:\/\/labestiapolitica.com.mx\/index.php?rest_route=\/wp\/v2\/users\/3"}],"replies":[{"embeddable":true,"href":"https:\/\/labestiapolitica.com.mx\/index.php?rest_route=%2Fwp%2Fv2%2Fcomments&post=25311"}],"version-history":[{"count":1,"href":"https:\/\/labestiapolitica.com.mx\/index.php?rest_route=\/wp\/v2\/posts\/25311\/revisions"}],"predecessor-version":[{"id":25313,"href":"https:\/\/labestiapolitica.com.mx\/index.php?rest_route=\/wp\/v2\/posts\/25311\/revisions\/25313"}],"wp:featuredmedia":[{"embeddable":true,"href":"https:\/\/labestiapolitica.com.mx\/index.php?rest_route=\/wp\/v2\/media\/25312"}],"wp:attachment":[{"href":"https:\/\/labestiapolitica.com.mx\/index.php?rest_route=%2Fwp%2Fv2%2Fmedia&parent=25311"}],"wp:term":[{"taxonomy":"category","embeddable":true,"href":"https:\/\/labestiapolitica.com.mx\/index.php?rest_route=%2Fwp%2Fv2%2Fcategories&post=25311"},{"taxonomy":"post_tag","embeddable":true,"href":"https:\/\/labestiapolitica.com.mx\/index.php?rest_route=%2Fwp%2Fv2%2Ftags&post=25311"}],"curies":[{"name":"wp","href":"https:\/\/api.w.org\/{rel}","templated":true}]}}