{"id":25336,"date":"2024-02-22T11:08:58","date_gmt":"2024-02-22T17:08:58","guid":{"rendered":"https:\/\/labestiapolitica.com.mx\/?p=25336"},"modified":"2024-03-03T22:17:36","modified_gmt":"2024-03-04T04:17:36","slug":"brindara-cedh-acompanamiento-en-marcha-del-8m","status":"publish","type":"post","link":"https:\/\/labestiapolitica.com.mx\/?p=25336","title":{"rendered":"Brindar\u00e1 CEDH acompa\u00f1amiento en marcha del 8M."},"content":{"rendered":"<p style=\"text-align: justify;\">Observar\u00e1 que se respete su derecho de manifestaci\u00f3n y libre expresi\u00f3n; adem\u00e1s habilitar\u00e1 puestos de hidrataci\u00f3n para las activistas y se coordinar\u00e1 con Cruz Roja para puestos de auxilio<\/p>\n<p style=\"text-align: justify;\">La Comisi\u00f3n Estatal de Derechos Humanos de Tlaxcala (CEDHT) brindar\u00e1 acompa\u00f1amiento a las mujeres que decidan sumarse a la marcha del 8M que, este a\u00f1o partir\u00e1 de dos puntos diferentes y llegar\u00e1n al z\u00f3calo capitalino para externar sus demandas al gobierno del estado y donde observar\u00e1 que se respete su derecho a la libre manifestaci\u00f3n y a la libertad de expresi\u00f3n.<\/p>\n<p style=\"text-align: justify;\">Las defensoras y defensores constatar\u00e1n que durante la marcha se cumpla con la aplicaci\u00f3n del Protocolo de Actuaci\u00f3n Policial para la Seguridad y Atenci\u00f3n de Manifestantes en Pro de los Derechos Humanos, que debe implementar la Secretar\u00eda de Seguridad Ciudadana (SSC), as\u00ed como que exista auxilio vial para evitar accidentes durante el trayecto de los recorridos y ya en el momento de la manifestaci\u00f3n.<\/p>\n<p style=\"text-align: justify;\">La presidenta de la CEDHT reiter\u00f3 que el derecho a la manifestaci\u00f3n es un medio leg\u00edtimo que la sociedad ejerce para que las autoridades escuchen sus necesidades y busquen v\u00edas adecuadas, herramientas y estrategias para atender los reclamos sociales y \u00e9ste se encuentra consagrado en las diferentes leyes y tratados de los que M\u00e9xico forma parte, por lo que las autoridades deber\u00e1n escuchar las demandas de las mujeres y actuar en consecuencia.<\/p>\n<p style=\"text-align: justify;\">Jakqueline Ordo\u00f1ez Brasdefer indic\u00f3 que aunado al acompa\u00f1amiento que se brindar\u00e1, tambi\u00e9n instalar\u00e1n puestos de hidrataci\u00f3n para las participantes en esta marcha, los cuales estar\u00e1n visibles con lonas e im\u00e1genes de identidad de este organismo aut\u00f3nomo.<\/p>\n<p style=\"text-align: justify;\">De igual forma, coment\u00f3 que hubo un acercamiento con el delegado de la Cruz Roja en el Estado de Tlaxcala, Miguel Garc\u00eda M\u00e9ndez Salazar, cuya instancia colaborar\u00e1 tambi\u00e9n con la CEDH para habilitar puestos de atenci\u00f3n m\u00e9dica en caso de que alguna de las participantes en la marcha requiera de su intervenci\u00f3n.<\/p>\n<p style=\"text-align: justify;\">La Ombudsperson precis\u00f3 que el personal que brindar\u00e1 el acompa\u00f1amiento durante la marcha, estar\u00e1 debidamente identificado con camisa y gorra blanca con los logotipos de la CEDH y credencial visible, con la finalidad de que las mujeres que requieran de su apoyo e intervenci\u00f3n, puedan identificarlos f\u00e1cilmente.<\/p>\n","protected":false},"excerpt":{"rendered":"<p>Observar\u00e1 que se respete su derecho de manifestaci\u00f3n y libre expresi\u00f3n; adem\u00e1s habilitar\u00e1 puestos de hidrataci\u00f3n para las activistas y se coordinar\u00e1 con Cruz Roja para puestos de auxilio La Comisi\u00f3n Estatal de Derechos Humanos de Tlaxcala (CEDHT) brindar\u00e1 acompa\u00f1amiento a las mujeres que decidan sumarse a la marcha del 8M que, este a\u00f1o partir\u00e1 [&hellip;]<\/p>\n","protected":false},"author":3,"featured_media":25337,"comment_status":"open","ping_status":"open","sticky":false,"template":"","format":"standard","meta":{"footnotes":""},"categories":[7],"tags":[],"class_list":["post-25336","post","type-post","status-publish","format-standard","has-post-thumbnail","hentry","category-ciudadanos"],"amp_enabled":true,"_links":{"self":[{"href":"https:\/\/labestiapolitica.com.mx\/index.php?rest_route=\/wp\/v2\/posts\/25336","targetHints":{"allow":["GET"]}}],"collection":[{"href":"https:\/\/labestiapolitica.com.mx\/index.php?rest_route=\/wp\/v2\/posts"}],"about":[{"href":"https:\/\/labestiapolitica.com.mx\/index.php?rest_route=\/wp\/v2\/types\/post"}],"author":[{"embeddable":true,"href":"https:\/\/labestiapolitica.com.mx\/index.php?rest_route=\/wp\/v2\/users\/3"}],"replies":[{"embeddable":true,"href":"https:\/\/labestiapolitica.com.mx\/index.php?rest_route=%2Fwp%2Fv2%2Fcomments&post=25336"}],"version-history":[{"count":2,"href":"https:\/\/labestiapolitica.com.mx\/index.php?rest_route=\/wp\/v2\/posts\/25336\/revisions"}],"predecessor-version":[{"id":25513,"href":"https:\/\/labestiapolitica.com.mx\/index.php?rest_route=\/wp\/v2\/posts\/25336\/revisions\/25513"}],"wp:featuredmedia":[{"embeddable":true,"href":"https:\/\/labestiapolitica.com.mx\/index.php?rest_route=\/wp\/v2\/media\/25337"}],"wp:attachment":[{"href":"https:\/\/labestiapolitica.com.mx\/index.php?rest_route=%2Fwp%2Fv2%2Fmedia&parent=25336"}],"wp:term":[{"taxonomy":"category","embeddable":true,"href":"https:\/\/labestiapolitica.com.mx\/index.php?rest_route=%2Fwp%2Fv2%2Fcategories&post=25336"},{"taxonomy":"post_tag","embeddable":true,"href":"https:\/\/labestiapolitica.com.mx\/index.php?rest_route=%2Fwp%2Fv2%2Ftags&post=25336"}],"curies":[{"name":"wp","href":"https:\/\/api.w.org\/{rel}","templated":true}]}}