{"id":25373,"date":"2024-02-23T17:50:43","date_gmt":"2024-02-23T23:50:43","guid":{"rendered":"https:\/\/labestiapolitica.com.mx\/?p=25373"},"modified":"2024-03-03T22:16:24","modified_gmt":"2024-03-04T04:16:24","slug":"hasta-hoy-vuelvo-a-ver-a-mi-hijo-despues-de-20-anos-felicitas-reyna-juarez","status":"publish","type":"post","link":"https:\/\/labestiapolitica.com.mx\/?p=25373","title":{"rendered":"Hasta hoy vuelvo a ver a mi hijo despu\u00e9s de 20 a\u00f1os: Felicitas Reyna Ju\u00e1rez."},"content":{"rendered":"<ul>\n<li>No es lo mismo una videollamada; por eso quer\u00eda conocerlos: Francisco Candia Espinoza<\/li>\n<li style=\"text-align: justify;\">Viajan 25 adultos mayores a Estados Unidos para reunirse con familiares, despu\u00e9s de d\u00e9cadas de no verse<\/li>\n<\/ul>\n<p style=\"text-align: justify;\">Do\u00f1a Felicitas Reyna Ju\u00e1rez festejar\u00e1 su cumplea\u00f1os n\u00famero 81 a lado de su hijo Lorenzo Salamanca Reyna, radicado en San Jos\u00e9 California, Estados Unidos, tras dos d\u00e9cadas de no verlo. \u201cNo habr\u00eda mejor regalo para m\u00ed que esta oportunidad que me ha dado la vida de reencontrarme con el mayor de mis 10 hijos\u201d, expres\u00f3.<\/p>\n<p style=\"text-align: justify;\">Originaria del municipio de Teolocholco, comparte que ella s\u00ed se hab\u00eda imaginado el momento tan emotivo de reencontrarse nuevamente con su hijo, pues previo a la pandemia \u00e9l sufri\u00f3 un accidente en el trayecto al trabajo que lo mantuvo entre la vida y la muerte.<\/p>\n<p style=\"text-align: justify;\">\u201cFue entonces que yo quer\u00eda estar con \u00e9l, y comenc\u00e9 con los tr\u00e1mites correspondientes para ingresar a este pa\u00eds; sin embargo, no fue posible. Y es hasta hoy que lo vuelvo a ver\u201d refiri\u00f3.<\/p>\n<p style=\"text-align: justify;\">Reyna Ju\u00e1rez expres\u00f3 que este episodio de su vida lo albergar\u00e1 en su coraz\u00f3n pues fue el pasado 21 de febrero a las dos de la ma\u00f1ana que parti\u00f3 como integrante de una delegaci\u00f3n de 25 adultos mayores del Programa Reencuentro Familiar \u201cUniendo Historias\u201d, que realiza el gobierno de Tlaxcala, a trav\u00e9s de la Direcci\u00f3n de Atenci\u00f3n a Migrantes (DAM).<\/p>\n<p style=\"text-align: justify;\">\u201cAbordamos el avi\u00f3n de un vuelo comercial que nos trajo al aeropuerto internacional de los \u00c1ngeles, California; fue algo cansado, pero vali\u00f3 la pena estar aqu\u00ed a su lado y saber que est\u00e1 nuevamente de pie, me motiva a continuar en esta vida, ser\u00e1n 30 d\u00edas para platicar largamente con \u00e9l\u201d, coment\u00f3<\/p>\n<p style=\"text-align: justify;\">Lorenzo Salamanca de 63 a\u00f1os de edad, con un nudo en la garganta, cuenta que esta grandiosa oportunidad de ver a su mam\u00e1 nunca la imagin\u00f3, \u201cagradezco infinitamente a quien trajo a mi mam\u00e1, s\u00e9 que es la gobernadora del estado, Lorena Cu\u00e9llar Cisneros, s\u00e9 que est\u00e1 trabajando mucho y que vinieron m\u00e1s adultos mayores en la delegaci\u00f3n, eso habla muy bien de la persona que es ella\u201d, coment\u00f3.<\/p>\n<p style=\"text-align: justify;\">En el aeropuerto internacional de los \u00c1ngeles, California, las 20 abuelitas y 5 abuelitos fueron recibidos por sus familiares radicados en la naci\u00f3n americana, los abrazos y las l\u00e1grimas eran imposible de contener, pues todos ellos tienen al menos dos d\u00e9cadas de no verse, ni abrazarse. Para algunos fue grato ser recibidos por sus nietos e incluso bisnietos.<\/p>\n<p style=\"text-align: justify;\">Otro integrante de esta delegaci\u00f3n es don Francisco Candia Espinoza, quien con 91 a\u00f1os de edad dice que esta oportunidad que le ha dado la vida le acompa\u00f1ar\u00e1 por siempre.<\/p>\n<p style=\"text-align: justify;\">\u201cEs la primera vez que viajo en avi\u00f3n; unos se marearon por nervios, pero yo no, al contrario, estaba emocionado desde que despeg\u00f3 el vuelo, me abroche bien al sill\u00f3n\u201d agreg\u00f3.<\/p>\n<p style=\"text-align: justify;\">La sorpresa que se llev\u00f3 don Francisco, originario de Hueyotlipan, al ser recibido por sus hijos Rub\u00e9n e Isidro Candia Rodr\u00edguez, de 56 y 53 a\u00f1os de edad, respectivamente, fue grande y es que en la naci\u00f3n americana tiene seis nietos que van del a\u00f1o de edad hasta los 35 a\u00f1os y dos bisnietos de 10 y 7 a\u00f1os.<\/p>\n<p style=\"text-align: justify;\">\u201cPor eso quer\u00eda venir a conocerlos, aunque los ve\u00eda en videollamadas no es lo mismo, aqu\u00ed me siento a gusto, con mi familia\u201d, dijo.<\/p>\n<p style=\"text-align: justify;\">Don Francisco es originario de Hueyotlipan y asegura que el hecho de estar en otro pa\u00eds con los suyos no tendr\u00e1 como pagarlo y agradeci\u00f3 a la gobernadora Lorena Cu\u00e9llar Cisneros que, a trav\u00e9s de la DAM, \u00e9l haya podido viajar para conocer a sus descendientes.<\/p>\n<p style=\"text-align: justify;\">Actualmente, Rub\u00e9n Candia se desempe\u00f1a como cocinero de un importante restaurante en los \u00c1ngeles y comenta que volver a ver a su pap\u00e1 despu\u00e9s de tanto tiempo le trajo a la memoria tantos y tantos recuerdos, entre ellos que no le agradaba la cocina, sin embargo, hoy es lo que m\u00e1s disfruta gracias a su mam\u00e1 que le ense\u00f1\u00f3 muchos secretos de la gastronom\u00eda tlaxcalteca.<\/p>\n<p style=\"text-align: justify;\">\u201cHemos vivido tres d\u00e9cadas aqu\u00ed en los \u00c1ngeles, desde que llegamos trabajamos para tener un mejor futuro y ahora que est\u00e1 mi pap\u00e1 aqu\u00ed es incre\u00edble, ver que f\u00edsicamente est\u00e1 bien, camina bien, ve bien, solo batalla con el o\u00eddo y recuerda absolutamente todo\u201d, extern\u00f3 Rub\u00e9n Candia.<\/p>\n<p style=\"text-align: justify;\">El hijo de don Francisco dice que desde que lo vieron sus nietos y bisnietos, le preguntan muchas cosas, y que ese es el ambiente familiar que debe de prevalecer, \u201cle preguntan d\u00f3nde est\u00e1 Tlaxcala, c\u00f3mo es, qu\u00e9 hay all\u00e1, c\u00f3mo fuiste de ni\u00f1o, cu\u00e1nto tiempo estar\u00e1s aqu\u00ed, en fin\u201d.<\/p>\n<p style=\"text-align: justify;\">Para Rub\u00e9n e Isidro la visita de su padre no la pueden pagar con nada, solo agradecer a quienes hicieron posible este reencuentro y a partir del d\u00eda uno recuperar las tres d\u00e9cadas que no se han visto y festejar con platillos y pasteles todos los cumplea\u00f1os de Don Francisco.<\/p>\n<p style=\"text-align: justify;\">Felicitas Reyna Ju\u00e1rez y Francisco Candia Espinoza tienen la una de las oportunidades m\u00e1s importante de sus vidas aprovechar 30 d\u00edas para reencontrarse con los suyos y escribir una nueva historia para ellos y para Tlaxcala.<\/p>\n<p style=\"text-align: justify;\">La titular de la DAM, Paula Beatriz Zabalza, acompa\u00f1\u00f3 a los adultos mayores, a trav\u00e9s del programa que es dirigido a la comunidad migrante con el objetivo de reunir a las familias tlaxcaltecas, el programa se enfoca en adultos mayores de 65 a\u00f1os, brinda orientaci\u00f3n para sacar su pasaporte y visa y se les brinda el apoyo del 50 por ciento del pasaje de ida y vuelta por parte de gobierno del estado.<\/p>\n","protected":false},"excerpt":{"rendered":"<p>No es lo mismo una videollamada; por eso quer\u00eda conocerlos: Francisco Candia Espinoza Viajan 25 adultos mayores a Estados Unidos para reunirse con familiares, despu\u00e9s de d\u00e9cadas de no verse Do\u00f1a Felicitas Reyna Ju\u00e1rez festejar\u00e1 su cumplea\u00f1os n\u00famero 81 a lado de su hijo Lorenzo Salamanca Reyna, radicado en San Jos\u00e9 California, Estados Unidos, tras [&hellip;]<\/p>\n","protected":false},"author":3,"featured_media":25374,"comment_status":"open","ping_status":"open","sticky":false,"template":"","format":"standard","meta":{"footnotes":""},"categories":[7],"tags":[],"class_list":["post-25373","post","type-post","status-publish","format-standard","has-post-thumbnail","hentry","category-ciudadanos"],"amp_enabled":true,"_links":{"self":[{"href":"https:\/\/labestiapolitica.com.mx\/index.php?rest_route=\/wp\/v2\/posts\/25373","targetHints":{"allow":["GET"]}}],"collection":[{"href":"https:\/\/labestiapolitica.com.mx\/index.php?rest_route=\/wp\/v2\/posts"}],"about":[{"href":"https:\/\/labestiapolitica.com.mx\/index.php?rest_route=\/wp\/v2\/types\/post"}],"author":[{"embeddable":true,"href":"https:\/\/labestiapolitica.com.mx\/index.php?rest_route=\/wp\/v2\/users\/3"}],"replies":[{"embeddable":true,"href":"https:\/\/labestiapolitica.com.mx\/index.php?rest_route=%2Fwp%2Fv2%2Fcomments&post=25373"}],"version-history":[{"count":1,"href":"https:\/\/labestiapolitica.com.mx\/index.php?rest_route=\/wp\/v2\/posts\/25373\/revisions"}],"predecessor-version":[{"id":25375,"href":"https:\/\/labestiapolitica.com.mx\/index.php?rest_route=\/wp\/v2\/posts\/25373\/revisions\/25375"}],"wp:featuredmedia":[{"embeddable":true,"href":"https:\/\/labestiapolitica.com.mx\/index.php?rest_route=\/wp\/v2\/media\/25374"}],"wp:attachment":[{"href":"https:\/\/labestiapolitica.com.mx\/index.php?rest_route=%2Fwp%2Fv2%2Fmedia&parent=25373"}],"wp:term":[{"taxonomy":"category","embeddable":true,"href":"https:\/\/labestiapolitica.com.mx\/index.php?rest_route=%2Fwp%2Fv2%2Fcategories&post=25373"},{"taxonomy":"post_tag","embeddable":true,"href":"https:\/\/labestiapolitica.com.mx\/index.php?rest_route=%2Fwp%2Fv2%2Ftags&post=25373"}],"curies":[{"name":"wp","href":"https:\/\/api.w.org\/{rel}","templated":true}]}}